                       {"id":36839,"date":"2023-01-31T15:18:58","date_gmt":"2023-01-31T21:18:58","guid":{"rendered":"https:\/\/laultimapalabra.com.mx\/portal\/?p=36839"},"modified":"2024-12-11T10:40:34","modified_gmt":"2024-12-11T16:40:34","slug":"el-titular-de-la-sedena-de-calderon-es-ligado-a-sobornos-en-el-juicio-de-garcia-luna","status":"publish","type":"post","link":"https:\/\/laultimapalabra.com.mx\/portal\/el-titular-de-la-sedena-de-calderon-es-ligado-a-sobornos-en-el-juicio-de-garcia-luna\/","title":{"rendered":"El titular de la Sedena de Calder\u00f3n es ligado a sobornos en el juicio de Garcia Luna"},"content":{"rendered":"<p>Ciudad de M\u00e9xico.- El nombre de Guillermo Galv\u00e1n Galv\u00e1n, titular de la Secretar\u00eda de la Defensa Nacional (Sedena) en el Gobierno de Felipe Calder\u00f3n Hinojosa (2006-2012), sali\u00f3 a relucir durante un interrogatorio que realiz\u00f3 la defensa de Genaro Garc\u00eda Luna a \u00d3scar Nava Valencia, alias \u201cEl Lobo\u201d, un viejo l\u00edder del C\u00e1rtel del Milenio, quien lig\u00f3 al General con el supuesto pago de sobornos, relat\u00f3 Jes\u00fas Garc\u00eda, periodista de La Opini\u00f3n que cubre el juicio en Nueva York del exsecretario de Seguridad.<\/p>\n<p>En entrevista en el programa Los Periodistas que se transmite en el canal de YouTube de SinEmbargo Al Aire, Jes\u00fas Garc\u00eda detall\u00f3 que Florian Miedel, uno de los abogados del exsecretario de seguridad p\u00fablica, presion\u00f3 a \u201cEl Lobo\u201d sobre por qu\u00e9 motivo no mencion\u00f3 a Genaro Garcia Luna antes del 2020, cuando se reuni\u00f3 con gente de la DEA para coopera en otros casos.<\/p>\n<p>\u201cLa mayor ganancia que logr\u00f3 el d\u00eda de hoy el abogado de Garc\u00eda Luna fue poner un poco en duda y decir \u2018cu\u00e1ndo empezaste a hablar de Garc\u00eda Luna: te detuvieron, te extraditaron y empezaste a cooperar en 2013 con las autoridades estadounidenses pero entonces no hablaste de \u00e9l, y entonces por qu\u00e9 no hablaste de \u00e9l\u2019, y \u00e9l (el abogado) insist\u00eda en esa parte. Los fiscales estaban enfocados en otros criminales y en la ruta de la droga, no necesariamente en corrupci\u00f3n, pero s\u00ed menciona a un exsecretario de defensa Guillermo Galv\u00e1n Galv\u00e1n, de Felipe Calder\u00f3n que habr\u00eda recibido tambi\u00e9n un soborno pero nunca especific\u00f3 de cu\u00e1nto\u201d, coment\u00f3 Garc\u00eda.<\/p>\n<p>Al ser cuestionado por la defensa de Garc\u00eda Luna de por qu\u00e9 en primera instancia s\u00ed hab\u00eda logrado acordarse de se\u00f1alar al exsecretario de defensa de recibir sobornos y no del exsecretario de Seguridad P\u00fablica, el testigo argument\u00f3 tener miedo y que \u201cpasaban muchas cosas al mismo tiempo\u201d, detall\u00f3 Jes\u00fas Garc\u00eda.<\/p>\n<p>Guillermo Galv\u00e1n Galv\u00e1n, titular de la Sedena durante el sexenio de Felipe Calder\u00f3n, fue una de las piezas clave durante la guerra contra el narcotr\u00e1fico emprendida por el panista, en la cual determin\u00f3 que el Ej\u00e9rcito dejara los cuarteles para atender problemas de seguridad.<\/p>\n<p>Esta tarde, el diario El Pa\u00eds tambi\u00e9n consign\u00f3 c\u00f3mo durante el interrogatorio que hizo Florian Miedel a \u201cEl Lobo\u201d lo cuestion\u00f3 por qu\u00e9 entre 2011 y 2020, en 10 a\u00f1os de colaboraci\u00f3n con las autoridades estadounidenses, jam\u00e1s se\u00f1al\u00f3 a Garc\u00eda Luna durante entrevistas que se extendieron por horas, pero s\u00ed incrimin\u00f3 a Guillermo Galv\u00e1n Galv\u00e1n.<\/p>\n<p>\u00d3scar Nava Valencia, \u201cEl Lobo\u201d, es el cuarto cooperante en el juicio al exsecretario de Seguridad P\u00fablica mexicano. El capo asegur\u00f3 la ma\u00f1ana de este lunes que \u00e9l pag\u00f3 personalmente 10 millones de d\u00f3lares a Genaro Garc\u00eda Luna para liberar droga retenida en Manzanillo, Colima, as\u00ed como para tener protecci\u00f3n e informaci\u00f3n.<\/p>\n<p>Las declaraciones de Nava Valencia conectan los dichos de Sergio Villarreal Barrag\u00e1n, mejor conocido como \u201cEl Grande\u201d, lugarteniente de los Beltr\u00e1n Leyva que ya habl\u00f3 la semana pasada en contra de Garc\u00eda Luna y quien tambi\u00e9n afirm\u00f3 haber pagado sobornos millonarios al exfuncionario.<\/p>\n<p>\u201cEl Lobo\u201d hizo referencia al decomiso de droga en Manzanillo en 2007, en operativos de la Marina, coordinados con autoridades estadounidenses.<\/p>\n<p>La confiscaci\u00f3n de 20 toneladas de coca\u00edna, mencion\u00f3 \u00d3scar Nava Valencia, represent\u00f3 una seria p\u00e9rdida para la organizaci\u00f3n de los Beltr\u00e1n Leyva y el C\u00e1rtel del Milenio, que deb\u00edan responder a los socios colombianos que enviaron la droga, pero la ayuda de Genaro Garc\u00eda Luna les ahorr\u00f3 un pago de 50 millones de d\u00f3lares.<\/p>\n<p>La mitad de esa droga era de Arturo Beltr\u00e1n Leyva y la otra mitad de \u201cEl Lobo\u201d, quien acudi\u00f3 a una reuni\u00f3n con Garc\u00eda Luna en Cuernavaca.<\/p>\n<p>\u201cMe sorprend\u00ed de verlo\u201d, afirm\u00f3. Dijo que el entonces funcionario del gabinete de Felipe Calder\u00f3n, ya como Secretario de Seguridad P\u00fablica, se sent\u00f3 frente a \u00e9l, \u201ca un lado de Arturo\u201d.<\/p>\n<p>\u201c\u00bfNo lo arrest\u00f3?\u201d, pregunt\u00f3 la asistente de la Fiscal, Marietou Diouf. El abogado C\u00e9sar de Castro hizo una objeci\u00f3n. El Juez Brian Cogan pidi\u00f3 a la Fiscal fundamentar su cuestionamiento. Ella no ahond\u00f3 en la pregunta.<\/p>\n<p>\u201cEl Lobo\u201d dice que pag\u00f3 m\u00e1s de $10 millones de d\u00f3lares a Garc\u00eda Luna, pero especific\u00f3 que fueron $5 millones tras el decomiso en Manzanillo y $3 millones m\u00e1s en una reuni\u00f3n en Guadalajara, Jalisco, tras el rompimiento con los Beltr\u00e1n Leyva, quien se ali\u00f3 a Los Zetas.<\/p>\n<p>Garc\u00eda Luna prometi\u00f3 un documento a Beltr\u00e1n Leyva y a Nava Valencia, donde se expondr\u00eda c\u00f3mo el decomiso era responsabilidad de la Marina y las autoridades de Estados Unidos.<\/p>\n<p>\u00bfVio el documento?\u201d, pregunt\u00f3 Diouf. \u201cS\u00ed\u201d, dijo el cooperante.<\/p>\n<p>El documento, afirm\u00f3 \u201cEl Lobo\u201d, expon\u00eda c\u00f3mo el Gobierno de Estados Unidos ten\u00eda conocimiento del cargamento. La defensa volvi\u00f3 a objetar.<\/p>\n<p>El problema creci\u00f3 porque los socios colombianos \u2013que no fueron identificados\u2014pensaban que los Beltr\u00e1n Leyva y el C\u00e1rtel de Milenio eran responsables del decomiso. El documento prob\u00f3 lo contrario.<\/p>\n<p>FUENTE: SIN EMBARGO<\/p>\n","protected":false},"excerpt":{"rendered":"<p>Ciudad de M\u00e9xico.- El nombre de Guillermo Galv\u00e1n Galv\u00e1n, titular de la Secretar\u00eda de la Defensa Nacional (Sedena) en el Gobierno de Felipe Calder\u00f3n Hinojosa (2006-2012), sali\u00f3 a relucir durante un interrogatorio que realiz\u00f3 la defensa de Genaro Garc\u00eda Luna a \u00d3scar Nava Valencia, alias \u201cEl Lobo\u201d, un viejo l\u00edder del C\u00e1rtel del Milenio, quien [&hellip;]<\/p>\n","protected":false},"author":9,"featured_media":36840,"comment_status":"closed","ping_status":"closed","sticky":false,"template":"","format":"standard","meta":{"footnotes":""},"categories":[19],"tags":[5891,5889,5752,5890,5859],"class_list":["post-36839","post","type-post","status-publish","format-standard","has-post-thumbnail","hentry","category-nacional","tag-eljuicio-del-siglo","tag-galvangalvan","tag-garcialuna","tag-sedenacalderon","tag-ultimas-noticias"],"_links":{"self":[{"href":"https:\/\/laultimapalabra.com.mx\/portal\/wp-json\/wp\/v2\/posts\/36839","targetHints":{"allow":["GET"]}}],"collection":[{"href":"https:\/\/laultimapalabra.com.mx\/portal\/wp-json\/wp\/v2\/posts"}],"about":[{"href":"https:\/\/laultimapalabra.com.mx\/portal\/wp-json\/wp\/v2\/types\/post"}],"author":[{"embeddable":true,"href":"https:\/\/laultimapalabra.com.mx\/portal\/wp-json\/wp\/v2\/users\/9"}],"replies":[{"embeddable":true,"href":"https:\/\/laultimapalabra.com.mx\/portal\/wp-json\/wp\/v2\/comments?post=36839"}],"version-history":[{"count":2,"href":"https:\/\/laultimapalabra.com.mx\/portal\/wp-json\/wp\/v2\/posts\/36839\/revisions"}],"predecessor-version":[{"id":80475,"href":"https:\/\/laultimapalabra.com.mx\/portal\/wp-json\/wp\/v2\/posts\/36839\/revisions\/80475"}],"wp:featuredmedia":[{"embeddable":true,"href":"https:\/\/laultimapalabra.com.mx\/portal\/wp-json\/wp\/v2\/media\/36840"}],"wp:attachment":[{"href":"https:\/\/laultimapalabra.com.mx\/portal\/wp-json\/wp\/v2\/media?parent=36839"}],"wp:term":[{"taxonomy":"category","embeddable":true,"href":"https:\/\/laultimapalabra.com.mx\/portal\/wp-json\/wp\/v2\/categories?post=36839"},{"taxonomy":"post_tag","embeddable":true,"href":"https:\/\/laultimapalabra.com.mx\/portal\/wp-json\/wp\/v2\/tags?post=36839"}],"curies":[{"name":"wp","href":"https:\/\/api.w.org\/{rel}","templated":true}]}}