                       {"id":36876,"date":"2023-02-01T14:27:46","date_gmt":"2023-02-01T20:27:46","guid":{"rendered":"https:\/\/laultimapalabra.com.mx\/portal\/?p=36876"},"modified":"2024-12-11T10:40:34","modified_gmt":"2024-12-11T16:40:34","slug":"ola-bini-colaborador-de-julian-assange-es-declarado-inocente","status":"publish","type":"post","link":"https:\/\/laultimapalabra.com.mx\/portal\/ola-bini-colaborador-de-julian-assange-es-declarado-inocente\/","title":{"rendered":"Ola Bini, colaborador de Julian Assange, es declarado inocente\u00a0"},"content":{"rendered":"<p>Ecuador.- Ola Bini, inform\u00e1tico sueco, y colaborador del periodista y activista Julian Assange, fue declarado inocente este martes luego de un proceso judicial que dur\u00f3 cuatro a\u00f1os.<\/p>\n<p>Bini, que estaba procesado por el presunto delito de acceso no consentido a un sistema inform\u00e1tico, telem\u00e1tico o de telecomunicaciones, fue declarado inocente por unanimidad tras una diligencia que dur\u00f3 m\u00e1s de 10 horas, seg\u00fan inform\u00f3 el diario El Comercio.<\/p>\n<p>El inform\u00e1tico fue arrestado el 11 de abril de 2019 cuando se dispon\u00eda a abandonar Ecuador con destino a Jap\u00f3n. Luego de ser procesado fue recluido en la c\u00e1rcel de El Inca, en Quito; en junio del 2019, Bini sali\u00f3 de la c\u00e1rcel luego de que fue aceptado por las autoridades un pedido de habeas corpus. La fiscal\u00eda de Ecuador lo acusa de acceder sin autorizaci\u00f3n a los sistemas de la Corporaci\u00f3n Nacional de Telecomunicaciones.<\/p>\n<p>A\u00fan se espera que el Tribunal Penal analice las pruebas presentadas por la defensa del sueco, y decida si es condenado o no de tres a cinco a\u00f1os de prisi\u00f3n, como lo indica el art\u00edculo 234 del C\u00f3digo Integral Penal de Ecuador,<\/p>\n<p>FUENTE: LA JORNADA<\/p>\n","protected":false},"excerpt":{"rendered":"<p>Ecuador.- Ola Bini, inform\u00e1tico sueco, y colaborador del periodista y activista Julian Assange, fue declarado inocente este martes luego de un proceso judicial que dur\u00f3 cuatro a\u00f1os. Bini, que estaba procesado por el presunto delito de acceso no consentido a un sistema inform\u00e1tico, telem\u00e1tico o de telecomunicaciones, fue declarado inocente por unanimidad tras una diligencia [&hellip;]<\/p>\n","protected":false},"author":9,"featured_media":36877,"comment_status":"closed","ping_status":"closed","sticky":false,"template":"","format":"standard","meta":{"footnotes":""},"categories":[16],"tags":[5909,5908,5910,5859],"class_list":["post-36876","post","type-post","status-publish","format-standard","has-post-thumbnail","hentry","category-internacional","tag-assange","tag-ecuador","tag-inocente","tag-ultimas-noticias"],"_links":{"self":[{"href":"https:\/\/laultimapalabra.com.mx\/portal\/wp-json\/wp\/v2\/posts\/36876","targetHints":{"allow":["GET"]}}],"collection":[{"href":"https:\/\/laultimapalabra.com.mx\/portal\/wp-json\/wp\/v2\/posts"}],"about":[{"href":"https:\/\/laultimapalabra.com.mx\/portal\/wp-json\/wp\/v2\/types\/post"}],"author":[{"embeddable":true,"href":"https:\/\/laultimapalabra.com.mx\/portal\/wp-json\/wp\/v2\/users\/9"}],"replies":[{"embeddable":true,"href":"https:\/\/laultimapalabra.com.mx\/portal\/wp-json\/wp\/v2\/comments?post=36876"}],"version-history":[{"count":2,"href":"https:\/\/laultimapalabra.com.mx\/portal\/wp-json\/wp\/v2\/posts\/36876\/revisions"}],"predecessor-version":[{"id":80511,"href":"https:\/\/laultimapalabra.com.mx\/portal\/wp-json\/wp\/v2\/posts\/36876\/revisions\/80511"}],"wp:featuredmedia":[{"embeddable":true,"href":"https:\/\/laultimapalabra.com.mx\/portal\/wp-json\/wp\/v2\/media\/36877"}],"wp:attachment":[{"href":"https:\/\/laultimapalabra.com.mx\/portal\/wp-json\/wp\/v2\/media?parent=36876"}],"wp:term":[{"taxonomy":"category","embeddable":true,"href":"https:\/\/laultimapalabra.com.mx\/portal\/wp-json\/wp\/v2\/categories?post=36876"},{"taxonomy":"post_tag","embeddable":true,"href":"https:\/\/laultimapalabra.com.mx\/portal\/wp-json\/wp\/v2\/tags?post=36876"}],"curies":[{"name":"wp","href":"https:\/\/api.w.org\/{rel}","templated":true}]}}