                       {"id":3693,"date":"2018-09-20T17:13:09","date_gmt":"2018-09-20T17:13:09","guid":{"rendered":"http:\/\/laultimapalabra.info\/?p=3693"},"modified":"2024-12-11T08:37:31","modified_gmt":"2024-12-11T14:37:31","slug":"el-huracan-gilberto","status":"publish","type":"post","link":"https:\/\/laultimapalabra.com.mx\/portal\/el-huracan-gilberto\/","title":{"rendered":"El Hurac\u00e1n Gilberto"},"content":{"rendered":"<p style=\"text-align: justify;\"><img loading=\"lazy\" decoding=\"async\" class=\" wp-image-3696 alignright\" src=\"https:\/\/laultimapalabra.com.mx\/portal\/wp-content\/uploads\/2018\/09\/images-300x162.jpg\" alt=\"\" width=\"506\" height=\"273\" \/>*Uno de los fen\u00f3menos meteorol\u00f3gicos que azotara la regi\u00f3n y dejara desagradables e ingratos recuerdos entre nosotros es sin duda el Hurac\u00e1n Gilberto.<\/p>\n<p style=\"text-align: justify;\">Por: Dr. Jos\u00e9 Ascensi\u00f3n Tijerina Flores<\/p>\n<p style=\"text-align: justify;\">Septiembre 17 de 1988: El Hurac\u00e1n Gilberto flagel\u00f3 a Monterrey y la regi\u00f3n, se trata de uno de los cinco ciclones tropicales m\u00e1s mort\u00edferos del siglo XX en el Atl\u00e1ntico. En su momento se le consider\u00f3 el Hurac\u00e1n de la Centuria al exceder registros meteorol\u00f3gicos conocidos hasta entonces por su tama\u00f1o, presi\u00f3n atmosf\u00e9rica, precipitaci\u00f3n, energ\u00eda total y trayectoria.<br \/>\nRebas\u00f3 por mucho los valores de la categor\u00eda 5 en la escala Saffir-simpson y el grado 8 de m\u00e1ximo de puntos en la escala internacional de Huracanes (EIH).<br \/>\nInicio su trayecto en las Antillas menores, cruz\u00f3 el caribe, el golfo de M\u00e9xico y en zig zagiante trayectoria, llegando a Monterrey y sus alrededores desde el viernes 16 de septiembre de 1988 dejando m\u00e1s de 300 v\u00edctimas mortales y da\u00f1os por m\u00e1s de 10,000 millones de pesos.<br \/>\nDurante los a\u00f1os 80s. Las invasiones de tierra y flujo de migrantes a Monterrey se acentuaron y el lecho del R\u00edo Santa Catarina se convirti\u00f3 en unos de los sitios preferidos para los asentamientos irregulares, por eso cuando los primeros reportes de la aproximaci\u00f3n del Hurac\u00e1n recibidos desde la ma\u00f1ana del 16 de septiembre, se mont\u00f3 un operativo de prevenci\u00f3n en \u00e1reas de riesgo que incluy\u00f3 la evacuaci\u00f3n de los residentes de las zonas bajas y de los cauces de r\u00edos y arroyos.<br \/>\nEl Hurac\u00e1n Gilberto ingres\u00f3 a Nuevo Le\u00f3n por Linares, Montemorelos y Allende estrell\u00e1ndose en la Sierra Madre Oriental en los l\u00edmites con Coahuila.<br \/>\nLa circulaci\u00f3n de sus vientos interactu\u00f3 con la elevaci\u00f3n del terreno generando torrenciales precipitaciones la noche del viernes 16 y la madrugada del 17 provocando inundaciones masivas en todo el Estado de Nuevo Le\u00f3n. Las 10 pulgs. Recibidas de golpe en las monta\u00f1as, explican la violenta avenida de los afluentes del R\u00edo Santa Catarina que \u201cBramaba\u201d con crecientes de 4000 metros c\u00fabicos por segundo arrastrando todo a su paso.<br \/>\nLas precipitaciones inhabilitaron las carreteras de Monterrey a Saltillo, a La Laredo, a Monclova, a Reynosa, a Cd. Victoria y la V\u00eda F\u00e9rrea a M\u00e9xico qued\u00f3 obstruida, la ciudad de Monterrey qued\u00f3 incomunicada.<br \/>\nLos habitantes de la regi\u00f3n (incluida Cadereyta) vimos azorados la fuerza de la corriente arrastrando a su paso lo mismo juegos mec\u00e1nicos (Empresa Manzo) de feria, hasta autobuses llenos de pasajeros que acud\u00edan a sus ocupaciones diarias.<br \/>\nEs de reconocer que sucedi\u00f3 cualquier cantidad de hechos heroicos y\/ o tr\u00e1gicos pues sin distingos de clases lo mismo se arriesgaban polic\u00edas, bomberos o ciudadanos voluntarios para intentar salvar a los que eran arrastrados por la feroz corriente.<br \/>\nEl Hurac\u00e1n Gilberto es unas de las grandes pruebas que ha tenido que pasar nuestra regi\u00f3n para su supervivencia.<br \/>\nEn ese aniversario de la Fundaci\u00f3n de Monterrey (396 a\u00f1os) y los festejos patrios no se llevaron a cabo pues la ciudad capital estaba de luto.<br \/>\nVaya este recuerdo para estar prevenidos y evitar actuar contra la naturaleza, pues el eco de Huracanes sigue latente en estas fechas y tal vez alg\u00fan d\u00eda podr\u00eda repetirse la historia.<br \/>\nGracias<\/p>\n","protected":false},"excerpt":{"rendered":"<p>*Uno de los fen\u00f3menos meteorol\u00f3gicos que azotara la regi\u00f3n y dejara desagradables e ingratos recuerdos entre nosotros es sin duda el Hurac\u00e1n Gilberto. Por: Dr. Jos\u00e9 Ascensi\u00f3n Tijerina Flores Septiembre 17 de 1988: El Hurac\u00e1n Gilberto flagel\u00f3 a Monterrey y la regi\u00f3n, se trata de uno de los cinco ciclones tropicales m\u00e1s mort\u00edferos del siglo [&hellip;]<\/p>\n","protected":false},"author":9,"featured_media":3695,"comment_status":"open","ping_status":"closed","sticky":false,"template":"","format":"standard","meta":{"footnotes":""},"categories":[1],"tags":[879],"class_list":["post-3693","post","type-post","status-publish","format-standard","has-post-thumbnail","hentry","category-noticias","tag-dr-jose-ascencion-tijerina-flores"],"_links":{"self":[{"href":"https:\/\/laultimapalabra.com.mx\/portal\/wp-json\/wp\/v2\/posts\/3693","targetHints":{"allow":["GET"]}}],"collection":[{"href":"https:\/\/laultimapalabra.com.mx\/portal\/wp-json\/wp\/v2\/posts"}],"about":[{"href":"https:\/\/laultimapalabra.com.mx\/portal\/wp-json\/wp\/v2\/types\/post"}],"author":[{"embeddable":true,"href":"https:\/\/laultimapalabra.com.mx\/portal\/wp-json\/wp\/v2\/users\/9"}],"replies":[{"embeddable":true,"href":"https:\/\/laultimapalabra.com.mx\/portal\/wp-json\/wp\/v2\/comments?post=3693"}],"version-history":[{"count":1,"href":"https:\/\/laultimapalabra.com.mx\/portal\/wp-json\/wp\/v2\/posts\/3693\/revisions"}],"predecessor-version":[{"id":64993,"href":"https:\/\/laultimapalabra.com.mx\/portal\/wp-json\/wp\/v2\/posts\/3693\/revisions\/64993"}],"wp:featuredmedia":[{"embeddable":true,"href":"https:\/\/laultimapalabra.com.mx\/portal\/wp-json\/"}],"wp:attachment":[{"href":"https:\/\/laultimapalabra.com.mx\/portal\/wp-json\/wp\/v2\/media?parent=3693"}],"wp:term":[{"taxonomy":"category","embeddable":true,"href":"https:\/\/laultimapalabra.com.mx\/portal\/wp-json\/wp\/v2\/categories?post=3693"},{"taxonomy":"post_tag","embeddable":true,"href":"https:\/\/laultimapalabra.com.mx\/portal\/wp-json\/wp\/v2\/tags?post=3693"}],"curies":[{"name":"wp","href":"https:\/\/api.w.org\/{rel}","templated":true}]}}