                       {"id":36942,"date":"2023-02-02T16:16:15","date_gmt":"2023-02-02T22:16:15","guid":{"rendered":"https:\/\/laultimapalabra.com.mx\/portal\/?p=36942"},"modified":"2024-12-11T10:40:35","modified_gmt":"2024-12-11T16:40:35","slug":"amlo-critica-que-se-negata-acceso-a-escolta-militar-en-san-amlo-critica-que-se-lazaro-ve-politiqueria","status":"publish","type":"post","link":"https:\/\/laultimapalabra.com.mx\/portal\/amlo-critica-que-se-negata-acceso-a-escolta-militar-en-san-amlo-critica-que-se-lazaro-ve-politiqueria\/","title":{"rendered":"AMLO critica que se negara acceso a escolta militar en San\u00a0L\u00e1zaro; ve &#8220;politiquer\u00eda&#8221;"},"content":{"rendered":"<p>Ciudad de M\u00e9xico.- El Presidente Andr\u00e9s Manuel L\u00f3pez Obrador asegur\u00f3 que negarle acceso a una escolta militar, perteneciente al Batall\u00f3n 104 de la Infanter\u00eda de la Ciudad de M\u00e9xico, para realizar los honores a la Bandera durante la inauguraci\u00f3n del Segundo Periodo Ordinario de la C\u00e1mara de Diputados fue politiquer\u00eda.<\/p>\n<p>Ayer, el presidente de la Mesa Directiva, Santiago Creel, fue se\u00f1alado de \u201cap\u00e1trida\u201d y \u201cvendepatrias\u201d por la bancada de Morena luego de negarle el acceso a la escolta militar bajo el argumento de que no puede ingresar nadie a la C\u00e1mara con armas.<\/p>\n<p>\u201cPolitiquer\u00eda, la verdad. No tienen argumentos. Como dec\u00eda [Benito] Ju\u00e1rez: \u2018El triunfo de la reacci\u00f3n es moralmente imposible\u2019. Esto. Hoy va a dar a conocer la Secretar\u00eda de la Defensa un informe sobre este asunto para que se den cuenta de que es parte de un protocolo, que adem\u00e1s lo pidi\u00f3 la C\u00e1mara\u201d, dijo el Presidente.<\/p>\n<p>\u201cEs que tienen que ir armados, est\u00e1 en el reglamento y este se\u00f1or [Santiago] Creel ahora s\u00ed que se envolvi\u00f3 en la Bandera y se convirti\u00f3 en patriota, pura politiquer\u00eda. Pero este [Gabriel Quadri] ya se pas\u00f3, porque un homenaje a la Bandera ya es un intento o un ensayo de golpe de Estado\u201d, expres\u00f3 en referencia a un tuit que public\u00f3 el legislador federal panista sobre la presencia de los militares.<\/p>\n<p>Adem\u00e1s, el Presidente exhibi\u00f3 los comentarios del Gabriel Quadri, Diputado del Partido Acci\u00f3n Nacional (PAN), quien puso en sus redes sociales: \u201cEl ingreso de militares armados hoy en la C\u00e1mara de Diputados fue el ensayo del golpe militar que L\u00f3pez pretende consumar. Estemos preparados\u2026\u201d. L\u00f3pez Obrador ley\u00f3 el mensaje entre risas.<\/p>\n<p>Ayer, por motivo de la apertura del Segundo Periodo de Sesiones Ordinarias del segundo a\u00f1o de la LXV Legislatura de la C\u00e1mara de Diputados, se llev\u00f3 a cabo el protocolo de honores a la Bandera con presencia de una escolta militar perteneciente al Batall\u00f3n 104 de la Infanter\u00eda de la Ciudad de M\u00e9xico. Sin embargo, como dicha escolta estaba armada, el presidente de San L\u00e1zaro, Santiago Creel, prefiri\u00f3 que se realizara a las afueras del recinto legislativo y no al interior del pleno.<\/p>\n<p>&#8220;Imped\u00ed el ingreso de armas al Sal\u00f3n de Sesiones, porque la Ley as\u00ed lo establece. Por m\u00e1s gritos y reclamos que reciba, mi compromiso con la Constituci\u00f3n es irrenunciable.<\/p>\n<p>Hicimos los honores de la Bandera afuera porque los integrantes de la escolta est\u00e1n armados, y no pueden entrar armados a este pleno, por eso convenimos que as\u00ed fuera\u201d, declar\u00f3 Creel.<\/p>\n<p>Una vez concluido dicho acto formal, ya dentro del pleno de la C\u00e1mara, los Diputados de la bancada de Morena comenzaron a entonar el Himno Nacional como se\u00f1a de inconformidad ante la decisi\u00f3n tomada por el titular de la C\u00e1mara Baja mexicana, tambi\u00e9n le gritaron \u201cap\u00e1trida\u201d y \u201cvendepatrias\u201d.<\/p>\n<p>\u201cEntiendo la circunstancia en que se convino; sin embargo, como presidente del Congreso no puedo permitir armas en este sal\u00f3n, que es un parlamento, una soberan\u00eda, que es el Congreso de la Uni\u00f3n al cual me debo\u201d, dijo en su defensa mientras los morenistas le reclamaban.<\/p>\n<p>FUENTE: REDACCI\u00d3N\/ SIN EMBARGO<\/p>\n","protected":false},"excerpt":{"rendered":"<p>Ciudad de M\u00e9xico.- El Presidente Andr\u00e9s Manuel L\u00f3pez Obrador asegur\u00f3 que negarle acceso a una escolta militar, perteneciente al Batall\u00f3n 104 de la Infanter\u00eda de la Ciudad de M\u00e9xico, para realizar los honores a la Bandera durante la inauguraci\u00f3n del Segundo Periodo Ordinario de la C\u00e1mara de Diputados fue politiquer\u00eda. Ayer, el presidente de la [&hellip;]<\/p>\n","protected":false},"author":9,"featured_media":36943,"comment_status":"closed","ping_status":"closed","sticky":false,"template":"","format":"standard","meta":{"footnotes":""},"categories":[19],"tags":[124,5414,5930,5929,5859],"class_list":["post-36942","post","type-post","status-publish","format-standard","has-post-thumbnail","hentry","category-nacional","tag-amlo","tag-congresodelaunion","tag-creelvendepatria","tag-escoltamilitar","tag-ultimas-noticias"],"_links":{"self":[{"href":"https:\/\/laultimapalabra.com.mx\/portal\/wp-json\/wp\/v2\/posts\/36942","targetHints":{"allow":["GET"]}}],"collection":[{"href":"https:\/\/laultimapalabra.com.mx\/portal\/wp-json\/wp\/v2\/posts"}],"about":[{"href":"https:\/\/laultimapalabra.com.mx\/portal\/wp-json\/wp\/v2\/types\/post"}],"author":[{"embeddable":true,"href":"https:\/\/laultimapalabra.com.mx\/portal\/wp-json\/wp\/v2\/users\/9"}],"replies":[{"embeddable":true,"href":"https:\/\/laultimapalabra.com.mx\/portal\/wp-json\/wp\/v2\/comments?post=36942"}],"version-history":[{"count":5,"href":"https:\/\/laultimapalabra.com.mx\/portal\/wp-json\/wp\/v2\/posts\/36942\/revisions"}],"predecessor-version":[{"id":80549,"href":"https:\/\/laultimapalabra.com.mx\/portal\/wp-json\/wp\/v2\/posts\/36942\/revisions\/80549"}],"wp:featuredmedia":[{"embeddable":true,"href":"https:\/\/laultimapalabra.com.mx\/portal\/wp-json\/wp\/v2\/media\/36943"}],"wp:attachment":[{"href":"https:\/\/laultimapalabra.com.mx\/portal\/wp-json\/wp\/v2\/media?parent=36942"}],"wp:term":[{"taxonomy":"category","embeddable":true,"href":"https:\/\/laultimapalabra.com.mx\/portal\/wp-json\/wp\/v2\/categories?post=36942"},{"taxonomy":"post_tag","embeddable":true,"href":"https:\/\/laultimapalabra.com.mx\/portal\/wp-json\/wp\/v2\/tags?post=36942"}],"curies":[{"name":"wp","href":"https:\/\/api.w.org\/{rel}","templated":true}]}}