                       {"id":36989,"date":"2023-02-03T15:32:47","date_gmt":"2023-02-03T21:32:47","guid":{"rendered":"https:\/\/laultimapalabra.com.mx\/portal\/?p=36989"},"modified":"2024-12-11T10:40:36","modified_gmt":"2024-12-11T16:40:36","slug":"cometi-errores-pero-no-dejare-la-mesa-de-la-camara-creel","status":"publish","type":"post","link":"https:\/\/laultimapalabra.com.mx\/portal\/cometi-errores-pero-no-dejare-la-mesa-de-la-camara-creel\/","title":{"rendered":"Comet\u00ed errores, pero no dejar\u00e9 la mesa de la C\u00e1mara: Creel\u00a0"},"content":{"rendered":"<p>Ciudad de M\u00e9xico.- El panista Santiago Creel Miranda estuvo ayer sujeto durante dos horas a una reprimenda por los errores que reconoci\u00f3 haber cometido al ocultar que negoci\u00f3 la presencia de militares armados en el recinto legislativo, pero descart\u00f3 renunciar a la Presidencia de la Mesa Directiva de la C\u00e1mara de Diputados, como se lo exigieron Morena y PT, por \u201cromper la institucionalidad\u201d y tratar de atribuir al Ejecutivo la intenci\u00f3n de que el Ej\u00e9rcito quisiera entrar al pleno.<\/p>\n<p>En la primera sesi\u00f3n del periodo ordinario, el PAN ensay\u00f3 una d\u00e9bil defensa de Creel, una de sus principales cartas para la elecci\u00f3n presidencial de 2024 y de plano tir\u00f3 la toalla cuando, v\u00eda remota, Carlos Ortiz Tejeda (Morena) solt\u00f3: \u201c\u00bfPor qu\u00e9 lo victimizamos, aunque lo merezca con creces? Que se quede y se destruya con su pedanter\u00eda. Que no se vaya, si no puede con la Presidencia de la C\u00e1mara, \u00bfc\u00f3mo va a poder con la Presidencia de la Rep\u00fablica?\u201d<\/p>\n<p>En el tablero de votaci\u00f3n y en los altavoces del sal\u00f3n se vi\u00f3 y se escuch\u00f3 al Presidente de la Comisi\u00f3n de Cultura: \u201cEste es un momento crucial para \u00e9l. Insiste en quedarse porque no hay dignidad personal. \u00a1Pues dej\u00e9moslo! No es persona de grandes definiciones, como ahorita ante las cr\u00edticas responde: \u2018Gracias, se\u00f1or diputado\u2019. \u00a1Si no se trata de un fajoneo!\u201d<\/p>\n<p>Ortiz Tejeda opin\u00f3 que Creel tuvo la oportunidad de dar un paso adelante, pero en cambio opt\u00f3 por sus aspiraciones presidenciales: \u201cSer\u00eda un gesto pol\u00edtico si declina, se victimiza, sale y tal vez le den la candidatura. Este es su momento, pero miren: \u00a1Lo est\u00e1 perdiendo!\u201d<\/p>\n<p>Adusto ante la imparable andanada, de negro cerrado como suele vestir ahora, Creel s\u00f3lo le dijo a Ortiz Tejeda: \u201cLe agradezco y aprecio su intervenci\u00f3n\u201d.<\/p>\n<p>A todos los discursos, el panista respondi\u00f3 que se aten\u00eda a la decisi\u00f3n de la Junta de Coordinaci\u00f3n Pol\u00edtica sobre su presidencia, a sabiendas de que s\u00f3lo puede ser destituido por el voto de las dos terceras partes de los diputados presentes.<\/p>\n<p>Sin ofrecer la disculpa que le exig\u00edan, expres\u00f3: \u201cAsumo los errores que se hayan cometido; asumo la responsabilidad\u201d.<\/p>\n<p>Morena, PT, PVEM y MC le reprocharon que haya manipulado la asistencia de militares a San L\u00e1zaro, porque primero acord\u00f3 con la Secretar\u00eda de la Defensa Nacional que los efectivos se presentaran armados al Palacio Legislativo. Luego se acogi\u00f3 a la prohibici\u00f3n de que ning\u00fan legislador puede entrar armado al recinto, para decidir que la escolta y la banda de guerra se quedaran en el vest\u00edbulo.<\/p>\n<p>Desde su curul, Leonel Godoy Rangel, Vicecoordinador de Morena, y el Coordinador del PVEM, Carlos Puente, hicieron ver a Creel que el art\u00edculo 25 del Reglamento de la C\u00e1mara de Diputados define con nitidez qu\u00e9 es el recinto: \u201cEl conjunto arquitect\u00f3nico que alberga a la c\u00e1mara, incluyendo sal\u00f3n de sesiones, edificios de oficinas, patios, jardines, estacionamientos y dem\u00e1s bienes nacionales destinados para el funcionamiento de la c\u00e1mara\u201d.<\/p>\n<p>Y en ese caso, avanz\u00f3 Puente, Creel viol\u00f3 el reglamento. \u201cLas fuerzas armadas no vinieron aqu\u00ed motu proprio\u201d, reforz\u00f3.<\/p>\n<p>El coordinador de MC, Jorge \u00c1lvarez M\u00e1ynez, declar\u00f3 que el PAN y el propio Creel son aliados naturales de MC, pero punz\u00f3: \u201c\u00bfPor qu\u00e9 mentir? Parece como si, incluso, el Presidente (Andr\u00e9s Manuel) L\u00f3pez Obrador hubiera mandado a la escolta armada, cuando usted permiti\u00f3 que entraran al recinto y los fue a saludar armados\u201d.<\/p>\n<p>La coalici\u00f3n Va por M\u00e9xico no defendi\u00f3 a Creel.<\/p>\n<p>El pri\u00edsta Augusto G\u00f3mez Villanueva expres\u00f3 su comprensi\u00f3n por el \u201cdif\u00edcil papel\u201d del panista, por tener que elegir entre aplicar el reglamento o actuar con inclinaci\u00f3n pol\u00edtica.<\/p>\n<p>Humberto Aguilar Coronado (PAN) se limit\u00f3 a se\u00f1alar que tomaba la oferta de Morena al di\u00e1logo. El coordinador panista Jorge Romero ni meti\u00f3 las manos y su compa\u00f1ero El\u00edas Lixa dijo que \u201cno hay merma en el respaldo absoluto\u201d a Creel.<\/p>\n<p>Casi a las tres de la tarde, Ortiz Tejeda insisti\u00f3 al presidente de la c\u00e1mara: \u201cAqu\u00ed es donde uno debe saber si sirve o no\u201d. El\u00edas Lixa arroj\u00f3 entonces la toalla: \u201cPor madurez pol\u00edtica, sin dejar de lado las diferencias, que contin\u00fae la sesi\u00f3n\u201d.<\/p>\n<p>Santiago Creel cerr\u00f3 el episodio. Minutos despu\u00e9s dej\u00f3 la conducci\u00f3n de la mesa a la panista Noem\u00ed Luna y no reapareci\u00f3.<\/p>\n<p>FUENTE: LA JORNADA<\/p>\n","protected":false},"excerpt":{"rendered":"<p>Ciudad de M\u00e9xico.- El panista Santiago Creel Miranda estuvo ayer sujeto durante dos horas a una reprimenda por los errores que reconoci\u00f3 haber cometido al ocultar que negoci\u00f3 la presencia de militares armados en el recinto legislativo, pero descart\u00f3 renunciar a la Presidencia de la Mesa Directiva de la C\u00e1mara de Diputados, como se lo [&hellip;]<\/p>\n","protected":false},"author":9,"featured_media":36991,"comment_status":"closed","ping_status":"closed","sticky":false,"template":"","format":"standard","meta":{"footnotes":""},"categories":[19],"tags":[124,5414,5944,4703,5945,5859],"class_list":["post-36989","post","type-post","status-publish","format-standard","has-post-thumbnail","hentry","category-nacional","tag-amlo","tag-congresodelaunion","tag-creel","tag-diputados","tag-errores","tag-ultimas-noticias"],"_links":{"self":[{"href":"https:\/\/laultimapalabra.com.mx\/portal\/wp-json\/wp\/v2\/posts\/36989","targetHints":{"allow":["GET"]}}],"collection":[{"href":"https:\/\/laultimapalabra.com.mx\/portal\/wp-json\/wp\/v2\/posts"}],"about":[{"href":"https:\/\/laultimapalabra.com.mx\/portal\/wp-json\/wp\/v2\/types\/post"}],"author":[{"embeddable":true,"href":"https:\/\/laultimapalabra.com.mx\/portal\/wp-json\/wp\/v2\/users\/9"}],"replies":[{"embeddable":true,"href":"https:\/\/laultimapalabra.com.mx\/portal\/wp-json\/wp\/v2\/comments?post=36989"}],"version-history":[{"count":2,"href":"https:\/\/laultimapalabra.com.mx\/portal\/wp-json\/wp\/v2\/posts\/36989\/revisions"}],"predecessor-version":[{"id":80575,"href":"https:\/\/laultimapalabra.com.mx\/portal\/wp-json\/wp\/v2\/posts\/36989\/revisions\/80575"}],"wp:featuredmedia":[{"embeddable":true,"href":"https:\/\/laultimapalabra.com.mx\/portal\/wp-json\/wp\/v2\/media\/36991"}],"wp:attachment":[{"href":"https:\/\/laultimapalabra.com.mx\/portal\/wp-json\/wp\/v2\/media?parent=36989"}],"wp:term":[{"taxonomy":"category","embeddable":true,"href":"https:\/\/laultimapalabra.com.mx\/portal\/wp-json\/wp\/v2\/categories?post=36989"},{"taxonomy":"post_tag","embeddable":true,"href":"https:\/\/laultimapalabra.com.mx\/portal\/wp-json\/wp\/v2\/tags?post=36989"}],"curies":[{"name":"wp","href":"https:\/\/api.w.org\/{rel}","templated":true}]}}