                       {"id":36992,"date":"2023-02-03T16:16:45","date_gmt":"2023-02-03T22:16:45","guid":{"rendered":"https:\/\/laultimapalabra.com.mx\/portal\/?p=36992"},"modified":"2024-12-11T10:40:36","modified_gmt":"2024-12-11T16:40:36","slug":"si-tengo-diferencias-con-monreal-amlo","status":"publish","type":"post","link":"https:\/\/laultimapalabra.com.mx\/portal\/si-tengo-diferencias-con-monreal-amlo\/","title":{"rendered":"&#8220;Si tengo diferencias con Monreal&#8221;: AMLO\u00a0"},"content":{"rendered":"<p>Morelia, Michoac\u00e1n.- El presidente Andr\u00e9s Manuel L\u00f3pez Obrador revir\u00f3 al senador Ricardo Monreal, quien sostiene que el derecho es m\u00e1s importante que la justicia. \u201cYa estamos grandes y ya cada qui\u00e9n sabe lo que busca y representa\u201d, dijo.<\/p>\n<p>El mandatario ha tenido diferencias con la Suprema Corte de Justicia de la Naci\u00f3n (SCJN) por las decisiones que ha tomado, m\u00e1s apegadas a formas legales que a justicia, seg\u00fan sus opiniones.<\/p>\n<p>El senador Monreal, en la plenaria de Morena, dijo que \u201cme quedo con la ley y el estado de derecho\u201d, y agreg\u00f3 ante los morenistas: \u201cNo me voy a traicionar para que ustedes se sientan c\u00f3modos. Yo prefiero la ley y eso no est\u00e1 en contra del Presidente de ninguna manera\u201d.<\/p>\n<p>\u201cRicardo Monreal, con el que no tengo yo diferencias, sostuvo \u2013o s\u00ed tengo algunas diferencias, pero es normal en la democracia; no podr\u00edamos pensar todos de la misma manera, ser\u00eda muy aburrida la vida\u2013, parece que dijo de que \u00e9l estaba \u2013lo quiero expresar correctamente\u2013 a favor del derecho m\u00e1s que de la justicia, porque yo sostengo lo opuesto, y lo sent\u00ed como una r\u00e9plica, como una respuesta\u201d, dijo el mandatario en conferencia de prensa matutina.<\/p>\n<p>L\u00f3pez Obrador cuestion\u00f3 que haya personas que, ante la disyuntiva de optar entre el derecho y la justicia, se inclinen por el derecho.<\/p>\n<p>Hay situaciones \u201cque no tienen que ver con el derecho, pero se excusan en eso\u2026 \u00bfy la justicia?\u201d, dijo.<\/p>\n<p>El mandatario solicit\u00f3 que fuera mostrada la declaraci\u00f3n del senador Monreal \u2013considerado como presidenciable\u2013 durante la plenaria de Morena.<\/p>\n<p>\u201cEsa es una diferencia que tenemos, no politiquera, eh, esta es de fondo, porque no solo es Ricardo el que piensa as\u00ed, son much\u00edsimos y los abogados casi todos, y yo no coincido con eso\u201d, dijo.<\/p>\n<p>\u201cYa estamos grandes y ya cada qui\u00e9n sabe lo que busca y representa, y a m\u00ed me gusta que haya debate, en estos temas de fondo\u201d, sostuvo.<\/p>\n<p>Y a\u00f1adi\u00f3: \u201cS\u00ed tiene que pensarse m\u00e1s en la justicia, por eso es Suprema Corte de Justicia, no del derecho\u201d.<\/p>\n<p>FUENTES : METAPOLITICA<\/p>\n","protected":false},"excerpt":{"rendered":"<p>Morelia, Michoac\u00e1n.- El presidente Andr\u00e9s Manuel L\u00f3pez Obrador revir\u00f3 al senador Ricardo Monreal, quien sostiene que el derecho es m\u00e1s importante que la justicia. \u201cYa estamos grandes y ya cada qui\u00e9n sabe lo que busca y representa\u201d, dijo. El mandatario ha tenido diferencias con la Suprema Corte de Justicia de la Naci\u00f3n (SCJN) por las [&hellip;]<\/p>\n","protected":false},"author":9,"featured_media":36993,"comment_status":"closed","ping_status":"closed","sticky":false,"template":"","format":"standard","meta":{"footnotes":""},"categories":[19],"tags":[124,5946,5948,5947,5859],"class_list":["post-36992","post","type-post","status-publish","format-standard","has-post-thumbnail","hentry","category-nacional","tag-amlo","tag-derechoojusticia","tag-diferencias","tag-ricardomonreal","tag-ultimas-noticias"],"_links":{"self":[{"href":"https:\/\/laultimapalabra.com.mx\/portal\/wp-json\/wp\/v2\/posts\/36992","targetHints":{"allow":["GET"]}}],"collection":[{"href":"https:\/\/laultimapalabra.com.mx\/portal\/wp-json\/wp\/v2\/posts"}],"about":[{"href":"https:\/\/laultimapalabra.com.mx\/portal\/wp-json\/wp\/v2\/types\/post"}],"author":[{"embeddable":true,"href":"https:\/\/laultimapalabra.com.mx\/portal\/wp-json\/wp\/v2\/users\/9"}],"replies":[{"embeddable":true,"href":"https:\/\/laultimapalabra.com.mx\/portal\/wp-json\/wp\/v2\/comments?post=36992"}],"version-history":[{"count":2,"href":"https:\/\/laultimapalabra.com.mx\/portal\/wp-json\/wp\/v2\/posts\/36992\/revisions"}],"predecessor-version":[{"id":80577,"href":"https:\/\/laultimapalabra.com.mx\/portal\/wp-json\/wp\/v2\/posts\/36992\/revisions\/80577"}],"wp:featuredmedia":[{"embeddable":true,"href":"https:\/\/laultimapalabra.com.mx\/portal\/wp-json\/wp\/v2\/media\/36993"}],"wp:attachment":[{"href":"https:\/\/laultimapalabra.com.mx\/portal\/wp-json\/wp\/v2\/media?parent=36992"}],"wp:term":[{"taxonomy":"category","embeddable":true,"href":"https:\/\/laultimapalabra.com.mx\/portal\/wp-json\/wp\/v2\/categories?post=36992"},{"taxonomy":"post_tag","embeddable":true,"href":"https:\/\/laultimapalabra.com.mx\/portal\/wp-json\/wp\/v2\/tags?post=36992"}],"curies":[{"name":"wp","href":"https:\/\/api.w.org\/{rel}","templated":true}]}}