                       {"id":37001,"date":"2023-02-03T16:28:55","date_gmt":"2023-02-03T22:28:55","guid":{"rendered":"https:\/\/laultimapalabra.com.mx\/portal\/?p=37001"},"modified":"2024-12-11T10:40:36","modified_gmt":"2024-12-11T16:40:36","slug":"exigen-quitar-a-mauro-guerra-presidencia-del-congreso-local","status":"publish","type":"post","link":"https:\/\/laultimapalabra.com.mx\/portal\/exigen-quitar-a-mauro-guerra-presidencia-del-congreso-local\/","title":{"rendered":"Exigen quitar a Mauro Guerra presidencia del Congreso local"},"content":{"rendered":"<p>Monterrey, N.L.-Al se\u00f1alar que Mauro Guerra, Presidente de la Mesa Directiva del Congreso local ha usado su posici\u00f3n para actuar en favor del PRI y PAN, el grupo legislativo de Movimiento Ciudadano pidi\u00f3 que lo quiten del cargo.<\/p>\n<p>La diputada de MC, Sandra P\u00e1manes present\u00f3 un escrito en la Oficial\u00eda de Partes acompa\u00f1ada del coordinador de la bancada, Eduardo Gaona, el cual dijo que contiene pruebas que dejan en evidencia el actuar ilegal del tambi\u00e9n diputado panista.<\/p>\n<p>\u201cMauro Guerra fue, en su tiempo, un mal presidente de su partido, pero no conforme con eso, hoy es un p\u00e9simo Presidente del Congreso.<\/p>\n<p>\u201c\u00c9l solamente respeta y act\u00faa con base a las \u00f3rdenes y a la direcci\u00f3n que le da su propio partido pol\u00edtico, que es el PRIAN\u201d, expres\u00f3 la legisladora.<\/p>\n<p>A\u00f1adi\u00f3 que otra de las faltas es que no se abstuvo respecto a un juicio pol\u00edtico en contra del secretario General de Gobierno, Javier Navarro, pues fue el presidente quien puso la denuncia, lo cual es un conflicto de inter\u00e9s.<\/p>\n<p>\u201cEs suficiente la informaci\u00f3n que estamos presentando para que la COCRI pueda actuar y si de verdad tienen un respeto por la legalidad, tendr\u00eda que proceder la remoci\u00f3n y tendr\u00eda que proponerse nuevo integrante, que pongan a alguien m\u00e1s que s\u00ed cumpla con el reglamento, con la Ley, y que cumpla con imparcialidad\u201d, concret\u00f3 P\u00e1manes.<\/p>\n<p>FUENTE: EL HORIZONTE<\/p>\n","protected":false},"excerpt":{"rendered":"<p>Monterrey, N.L.-Al se\u00f1alar que Mauro Guerra, Presidente de la Mesa Directiva del Congreso local ha usado su posici\u00f3n para actuar en favor del PRI y PAN, el grupo legislativo de Movimiento Ciudadano pidi\u00f3 que lo quiten del cargo. La diputada de MC, Sandra P\u00e1manes present\u00f3 un escrito en la Oficial\u00eda de Partes acompa\u00f1ada del coordinador [&hellip;]<\/p>\n","protected":false},"author":9,"featured_media":37002,"comment_status":"closed","ping_status":"closed","sticky":false,"template":"","format":"standard","meta":{"footnotes":""},"categories":[15],"tags":[5955,5954,1516,5859],"class_list":["post-37001","post","type-post","status-publish","format-standard","has-post-thumbnail","hentry","category-estado","tag-congreso-local","tag-exigen-quitar","tag-mauro-guerra","tag-ultimas-noticias"],"_links":{"self":[{"href":"https:\/\/laultimapalabra.com.mx\/portal\/wp-json\/wp\/v2\/posts\/37001","targetHints":{"allow":["GET"]}}],"collection":[{"href":"https:\/\/laultimapalabra.com.mx\/portal\/wp-json\/wp\/v2\/posts"}],"about":[{"href":"https:\/\/laultimapalabra.com.mx\/portal\/wp-json\/wp\/v2\/types\/post"}],"author":[{"embeddable":true,"href":"https:\/\/laultimapalabra.com.mx\/portal\/wp-json\/wp\/v2\/users\/9"}],"replies":[{"embeddable":true,"href":"https:\/\/laultimapalabra.com.mx\/portal\/wp-json\/wp\/v2\/comments?post=37001"}],"version-history":[{"count":2,"href":"https:\/\/laultimapalabra.com.mx\/portal\/wp-json\/wp\/v2\/posts\/37001\/revisions"}],"predecessor-version":[{"id":80583,"href":"https:\/\/laultimapalabra.com.mx\/portal\/wp-json\/wp\/v2\/posts\/37001\/revisions\/80583"}],"wp:featuredmedia":[{"embeddable":true,"href":"https:\/\/laultimapalabra.com.mx\/portal\/wp-json\/wp\/v2\/media\/37002"}],"wp:attachment":[{"href":"https:\/\/laultimapalabra.com.mx\/portal\/wp-json\/wp\/v2\/media?parent=37001"}],"wp:term":[{"taxonomy":"category","embeddable":true,"href":"https:\/\/laultimapalabra.com.mx\/portal\/wp-json\/wp\/v2\/categories?post=37001"},{"taxonomy":"post_tag","embeddable":true,"href":"https:\/\/laultimapalabra.com.mx\/portal\/wp-json\/wp\/v2\/tags?post=37001"}],"curies":[{"name":"wp","href":"https:\/\/api.w.org\/{rel}","templated":true}]}}