                       {"id":37066,"date":"2023-02-07T12:44:56","date_gmt":"2023-02-07T18:44:56","guid":{"rendered":"https:\/\/laultimapalabra.com.mx\/portal\/?p=37066"},"modified":"2024-12-11T10:40:37","modified_gmt":"2024-12-11T16:40:37","slug":"fue-mal-candidato-esta-en-eu-y-es-investigado-pero-anaya-es-la-mejor-opcion-del-pan-tamara-mares-rivera","status":"publish","type":"post","link":"https:\/\/laultimapalabra.com.mx\/portal\/fue-mal-candidato-esta-en-eu-y-es-investigado-pero-anaya-es-la-mejor-opcion-del-pan-tamara-mares-rivera\/","title":{"rendered":"Fue mal candidato, esta en EU y es investigado; pero Anaya es la mejor opci\u00f3n del PAN: Tamara Mares Rivera\u00a0"},"content":{"rendered":"<p>Ciudad de M\u00e9xico.\u2013 Era el 1 de julio de 2018, los votos se sumaban uno tras de otro, y aunque ya todo apuntaba al triunfo del morenista Andr\u00e9s Manuel L\u00f3pez Obrador, tambi\u00e9n empezaban a dar cuenta de otro suceso: Ricardo Anaya Cort\u00e9s, candidato de Acci\u00f3n Nacional (PAN) en alianza con Revoluci\u00f3n Democr\u00e1tica (PRD) y Movimiento Ciudadano (MC), se convertir\u00eda en el panista peor votado desde la alternancia en el 2000 con 12 millones 610 mil 120 votos.<\/p>\n<p>Han pasado m\u00e1s de cuatro a\u00f1os desde entonces. Anaya est\u00e1 fuera del pa\u00eds, es investigado en M\u00e9xico por presunta corrupci\u00f3n en el caso Odebrecht, pero al mismo tiempo es la mejor opci\u00f3n para que el PAN \u2014en alianza con los partidos Revolucionario Institucional (PRI) y de la Revoluci\u00f3n Democr\u00e1tica (PRD)\u2014 recupere la Presidencia, seg\u00fan lo que arrojan las encuestas.<\/p>\n<p>Este fin de semana, el excandidato panista reapareci\u00f3 junto a su dirigente nacional, Marko Cort\u00e9s, en un mitin realizado en Texas, Estados Unidos. Su aparici\u00f3n se da en la antesala de las definiciones de la candidatura de 2024, en la cual el PAN ir\u00e1 junto al PRI y PRD. Lo acordado con los otros partidos es que Acci\u00f3n Nacional sigle al abanderado.<\/p>\n<p>Anaya, reapareci\u00f3 este domingo en un evento p\u00fablico del PAN que se llev\u00f3 a cabo en Texas, EU, despu\u00e9s de m\u00e1s de cuatro a\u00f1os de no asistir a ninguno de \u00e9stos.<\/p>\n<p>Antes de salir del pa\u00eds, Anaya hab\u00eda iniciado un recorrido por mil municipios del pa\u00eds para apuntalar sus aspiraciones presidenciales. Su gira de ese entonces gener\u00f3 todo tipo de burlas y cr\u00edticas hasta que ces\u00f3 cuando fue llamado a declarar por la FGR por presuntamente recibir millones de pesos de sobornos para votar por la Reforma Energ\u00e9tica. Ahora su actividad se ha remitido a mensajes semanales en los que critica a la administraci\u00f3n de Andr\u00e9s Manuel L\u00f3pez Obrador.<\/p>\n<p>FUENTE: SIN EMBARGO MX<\/p>\n","protected":false},"excerpt":{"rendered":"<p>Ciudad de M\u00e9xico.\u2013 Era el 1 de julio de 2018, los votos se sumaban uno tras de otro, y aunque ya todo apuntaba al triunfo del morenista Andr\u00e9s Manuel L\u00f3pez Obrador, tambi\u00e9n empezaban a dar cuenta de otro suceso: Ricardo Anaya Cort\u00e9s, candidato de Acci\u00f3n Nacional (PAN) en alianza con Revoluci\u00f3n Democr\u00e1tica (PRD) y Movimiento [&hellip;]<\/p>\n","protected":false},"author":9,"featured_media":37067,"comment_status":"closed","ping_status":"closed","sticky":false,"template":"","format":"standard","meta":{"footnotes":""},"categories":[19],"tags":[5979,5980,1691,5981,5859],"class_list":["post-37066","post","type-post","status-publish","format-standard","has-post-thumbnail","hentry","category-nacional","tag-anayamejorposicionado","tag-markocortes","tag-pan","tag-peorvotadoenlahistoriadelpan","tag-ultimas-noticias"],"_links":{"self":[{"href":"https:\/\/laultimapalabra.com.mx\/portal\/wp-json\/wp\/v2\/posts\/37066","targetHints":{"allow":["GET"]}}],"collection":[{"href":"https:\/\/laultimapalabra.com.mx\/portal\/wp-json\/wp\/v2\/posts"}],"about":[{"href":"https:\/\/laultimapalabra.com.mx\/portal\/wp-json\/wp\/v2\/types\/post"}],"author":[{"embeddable":true,"href":"https:\/\/laultimapalabra.com.mx\/portal\/wp-json\/wp\/v2\/users\/9"}],"replies":[{"embeddable":true,"href":"https:\/\/laultimapalabra.com.mx\/portal\/wp-json\/wp\/v2\/comments?post=37066"}],"version-history":[{"count":2,"href":"https:\/\/laultimapalabra.com.mx\/portal\/wp-json\/wp\/v2\/posts\/37066\/revisions"}],"predecessor-version":[{"id":80609,"href":"https:\/\/laultimapalabra.com.mx\/portal\/wp-json\/wp\/v2\/posts\/37066\/revisions\/80609"}],"wp:featuredmedia":[{"embeddable":true,"href":"https:\/\/laultimapalabra.com.mx\/portal\/wp-json\/wp\/v2\/media\/37067"}],"wp:attachment":[{"href":"https:\/\/laultimapalabra.com.mx\/portal\/wp-json\/wp\/v2\/media?parent=37066"}],"wp:term":[{"taxonomy":"category","embeddable":true,"href":"https:\/\/laultimapalabra.com.mx\/portal\/wp-json\/wp\/v2\/categories?post=37066"},{"taxonomy":"post_tag","embeddable":true,"href":"https:\/\/laultimapalabra.com.mx\/portal\/wp-json\/wp\/v2\/tags?post=37066"}],"curies":[{"name":"wp","href":"https:\/\/api.w.org\/{rel}","templated":true}]}}