                       {"id":37125,"date":"2023-02-08T13:29:37","date_gmt":"2023-02-08T19:29:37","guid":{"rendered":"https:\/\/laultimapalabra.com.mx\/portal\/?p=37125"},"modified":"2024-12-11T10:41:24","modified_gmt":"2024-12-11T16:41:24","slug":"ministra-norma-pina-preside-la-scjn-por-mi-amlo-destaca-la-apertura-entre-poderes","status":"publish","type":"post","link":"https:\/\/laultimapalabra.com.mx\/portal\/ministra-norma-pina-preside-la-scjn-por-mi-amlo-destaca-la-apertura-entre-poderes\/","title":{"rendered":"Ministra Norma Pi\u00f1a preside la SCJN por m\u00ed: AMLO; destaca la \u201capertura\u201d entre poderes"},"content":{"rendered":"<p>Ciudad de M\u00e9xico.- El Presidente Andr\u00e9s Manuel L\u00f3pez Obrador asegur\u00f3 que Norma Luc\u00eda Pi\u00f1a, Ministra presidenta de la Suprema Corte de Justicia de la Naci\u00f3n (SCJN), ocupa su cargo gracias a \u00e9l.<\/p>\n<p>Durante la conferencia de prensa de este mi\u00e9rcoles, el mandatario record\u00f3 la forma en que el Presidente de la Rep\u00fablica antiguamente \u201cpon\u00eda y quitaba a su antojo\u201d a la persona titular de la SCJN; sin embargo, se\u00f1al\u00f3 que con \u00e9l no ha ocurrido, a pesar de que tenga sus desencuentros con la Ministra.<\/p>\n<p>\u201cEs importante la separaci\u00f3n de poderes, imag\u00ednense el cambio que significa: la se\u00f1ora presidenta de la Corte, para hablar en plata, est\u00e1 por m\u00ed de presidenta, porque antes pon\u00eda el Presidente, pon\u00eda y quitaba a su antojo al presidente de la Corte\u201d, dijo.<\/p>\n<p>Relacionado a ello, destac\u00f3 que el Gobierno actual vive \u201cun momento extraordinario\u201d debido a la libertad que hay con respecto a la separaci\u00f3n de poderes, por lo que afirm\u00f3 que existe apertura en diversos \u00e1mbitos, como en el di\u00e1logo.<\/p>\n<p>\u201cSi se tienen empleados en la Corte y hay corrupci\u00f3n de jueces, \u00bfyo me tengo que quedar callado? Entonces, si somos independientes, podemos hablar. De por s\u00ed a m\u00ed no me gusta ser tapadera de nadie, nunca lo he sido\u201d, a\u00f1adi\u00f3.<\/p>\n<p>El pasado 6 de febrero, el Presidente L\u00f3pez Obrador dijo que le di\u00f3 gusto que la Ministra presidenta no se pusiera de pie para aplaudirle en la ceremonia del 106 Aniversario de la Constituci\u00f3n Pol\u00edtica de los Estados Unidos Mexicanos de 1917, celebrado el domingo pasado en el Teatro de la Rep\u00fablica, en el estado de Quer\u00e9taro.<\/p>\n<p>Desde Palacio Nacional, expres\u00f3 su orgullo por la acci\u00f3n de la Ministra presidenta porque \u201csignifica\u201d que est\u00e1 llevando a cabo cambios en el Gobierno, pues \u201cya no es el Presidente el que le da \u00f3rdenes a ministros\u201d.<\/p>\n<p>FUENTE: Redacci\u00f3n\/ sin embargo<\/p>\n","protected":false},"excerpt":{"rendered":"<p>Ciudad de M\u00e9xico.- El Presidente Andr\u00e9s Manuel L\u00f3pez Obrador asegur\u00f3 que Norma Luc\u00eda Pi\u00f1a, Ministra presidenta de la Suprema Corte de Justicia de la Naci\u00f3n (SCJN), ocupa su cargo gracias a \u00e9l. Durante la conferencia de prensa de este mi\u00e9rcoles, el mandatario record\u00f3 la forma en que el Presidente de la Rep\u00fablica antiguamente \u201cpon\u00eda y [&hellip;]<\/p>\n","protected":false},"author":9,"featured_media":37126,"comment_status":"closed","ping_status":"closed","sticky":false,"template":"","format":"standard","meta":{"footnotes":""},"categories":[19],"tags":[124,5999,5941,6000,5859],"class_list":["post-37125","post","type-post","status-publish","format-standard","has-post-thumbnail","hentry","category-nacional","tag-amlo","tag-ministrascjn","tag-normapina","tag-ocupaellcargopormi","tag-ultimas-noticias"],"_links":{"self":[{"href":"https:\/\/laultimapalabra.com.mx\/portal\/wp-json\/wp\/v2\/posts\/37125","targetHints":{"allow":["GET"]}}],"collection":[{"href":"https:\/\/laultimapalabra.com.mx\/portal\/wp-json\/wp\/v2\/posts"}],"about":[{"href":"https:\/\/laultimapalabra.com.mx\/portal\/wp-json\/wp\/v2\/types\/post"}],"author":[{"embeddable":true,"href":"https:\/\/laultimapalabra.com.mx\/portal\/wp-json\/wp\/v2\/users\/9"}],"replies":[{"embeddable":true,"href":"https:\/\/laultimapalabra.com.mx\/portal\/wp-json\/wp\/v2\/comments?post=37125"}],"version-history":[{"count":2,"href":"https:\/\/laultimapalabra.com.mx\/portal\/wp-json\/wp\/v2\/posts\/37125\/revisions"}],"predecessor-version":[{"id":80646,"href":"https:\/\/laultimapalabra.com.mx\/portal\/wp-json\/wp\/v2\/posts\/37125\/revisions\/80646"}],"wp:featuredmedia":[{"embeddable":true,"href":"https:\/\/laultimapalabra.com.mx\/portal\/wp-json\/wp\/v2\/media\/37126"}],"wp:attachment":[{"href":"https:\/\/laultimapalabra.com.mx\/portal\/wp-json\/wp\/v2\/media?parent=37125"}],"wp:term":[{"taxonomy":"category","embeddable":true,"href":"https:\/\/laultimapalabra.com.mx\/portal\/wp-json\/wp\/v2\/categories?post=37125"},{"taxonomy":"post_tag","embeddable":true,"href":"https:\/\/laultimapalabra.com.mx\/portal\/wp-json\/wp\/v2\/tags?post=37125"}],"curies":[{"name":"wp","href":"https:\/\/api.w.org\/{rel}","templated":true}]}}