                       {"id":37148,"date":"2023-02-08T15:53:41","date_gmt":"2023-02-08T21:53:41","guid":{"rendered":"https:\/\/laultimapalabra.com.mx\/portal\/?p=37148"},"modified":"2024-12-11T10:41:24","modified_gmt":"2024-12-11T16:41:24","slug":"artesanos-de-nayarit-podran-laborar-en-el-centro-turistico-islas-marias","status":"publish","type":"post","link":"https:\/\/laultimapalabra.com.mx\/portal\/artesanos-de-nayarit-podran-laborar-en-el-centro-turistico-islas-marias\/","title":{"rendered":"Artesanos de Nayarit podr\u00e1n laborar en el Centro Tur\u00edstico Islas Mar\u00edas"},"content":{"rendered":"<p>Tepic, Nay.- El Instituto para la Atenci\u00f3n de los Pueblos y Comunidades Ind\u00edgenas de Nayarit ofrece apoyos en forma gratuita para traslado, hospedaje y alimentaci\u00f3n a los artesanos de los pueblos originarios de la entidad que tengan inter\u00e9s en vender sus productos en el Centro Tur\u00edstico Islas Mar\u00edas.<\/p>\n<p>Lorena Villarreal Rodr\u00edguez, titular de la atenci\u00f3n a pueblos y comunidades ind\u00edgenas de Nayarit, explic\u00f3 a La Jornada que en colaboraci\u00f3n con la Secretar\u00eda de Turismo estatal, la convocatoria va dirigida a los integrantes de los pueblos originarios Wix\u00e1rika, N\u2019ayeri, O\u2019dam y Mexicanero, con habilidades en la confecci\u00f3n de artesan\u00edas tradicionales, para ser vendidas y tambi\u00e9n poder ense\u00f1ar t\u00e9cnicas b\u00e1sicas de elaboraci\u00f3n a los visitantes, en las instalaciones del tianguis que para tal fin fue acondicionado, como parte de los atractivos tur\u00edsticos de la Isla Mar\u00eda Madre.<\/p>\n<p>Los interesados en comercializar sus artesan\u00edas en el Centro Tur\u00edstico Islas Mar\u00edas deben comunicarse al tel\u00e9fono 3111 79 6547 o acudir a las oficinas de la dependencia ubicadas en calle Mi\u00f1\u00f3n 55 esquina con Zacatecas, en Tepic, Nayarit, para recibir toda la informaci\u00f3n necesaria y requisitos, entre los que destacan ser artesano de alguno de los pueblos originarios radicado en esta entidad.<\/p>\n<p>La funcionaria indic\u00f3 que la estancia en Islas Mar\u00edas es de 20 d\u00edas, y los interesados deber\u00e1n llevar el material para la elaboraci\u00f3n de sus artesan\u00edas, que se ofrecer\u00e1n a los turistas los d\u00edas viernes, s\u00e1bado y domingo; los dem\u00e1s d\u00edas de la semana, podr\u00e1n trabajar en la elaboraci\u00f3n de m\u00e1s productos.<\/p>\n<p>Precis\u00f3 que el \u00fanico gasto que los artesanos tienen que hacer es el traslado de su lugar de origen a Tepic, la capital nayarita, desde donde ser\u00e1n llevados al puerto de San Blas y embarcados en el ferry al Centro Tur\u00edstico Islas Mar\u00edas, pidi\u00e9ndoles llevar consigo, cobija, adem\u00e1s de plato, vaso y cuchara, pues se les otorgar\u00e1 la estancia y alimentos gratuitos durante su estancia.<\/p>\n<p>Desde diciembre a la fecha la respuesta ha sido satisfactoria, pues se han apoyado a dos artesanos por cada uno de los cuatro pueblos originarios en sus estancias por 20 d\u00edas, y se tiene el registro ya programado para los meses de marzo, abril y mayo de interesados en llevar su cultura a las Islas Mar\u00edas, concluy\u00f3.<\/p>\n<p>FUENTE : LA JORNADA<\/p>\n","protected":false},"excerpt":{"rendered":"<p>Tepic, Nay.- El Instituto para la Atenci\u00f3n de los Pueblos y Comunidades Ind\u00edgenas de Nayarit ofrece apoyos en forma gratuita para traslado, hospedaje y alimentaci\u00f3n a los artesanos de los pueblos originarios de la entidad que tengan inter\u00e9s en vender sus productos en el Centro Tur\u00edstico Islas Mar\u00edas. Lorena Villarreal Rodr\u00edguez, titular de la atenci\u00f3n [&hellip;]<\/p>\n","protected":false},"author":9,"featured_media":37150,"comment_status":"closed","ping_status":"closed","sticky":false,"template":"","format":"standard","meta":{"footnotes":""},"categories":[19],"tags":[124,6009,6008,5859],"class_list":["post-37148","post","type-post","status-publish","format-standard","has-post-thumbnail","hentry","category-nacional","tag-amlo","tag-artesanos","tag-islasmarias","tag-ultimas-noticias"],"_links":{"self":[{"href":"https:\/\/laultimapalabra.com.mx\/portal\/wp-json\/wp\/v2\/posts\/37148","targetHints":{"allow":["GET"]}}],"collection":[{"href":"https:\/\/laultimapalabra.com.mx\/portal\/wp-json\/wp\/v2\/posts"}],"about":[{"href":"https:\/\/laultimapalabra.com.mx\/portal\/wp-json\/wp\/v2\/types\/post"}],"author":[{"embeddable":true,"href":"https:\/\/laultimapalabra.com.mx\/portal\/wp-json\/wp\/v2\/users\/9"}],"replies":[{"embeddable":true,"href":"https:\/\/laultimapalabra.com.mx\/portal\/wp-json\/wp\/v2\/comments?post=37148"}],"version-history":[{"count":2,"href":"https:\/\/laultimapalabra.com.mx\/portal\/wp-json\/wp\/v2\/posts\/37148\/revisions"}],"predecessor-version":[{"id":80660,"href":"https:\/\/laultimapalabra.com.mx\/portal\/wp-json\/wp\/v2\/posts\/37148\/revisions\/80660"}],"wp:featuredmedia":[{"embeddable":true,"href":"https:\/\/laultimapalabra.com.mx\/portal\/wp-json\/wp\/v2\/media\/37150"}],"wp:attachment":[{"href":"https:\/\/laultimapalabra.com.mx\/portal\/wp-json\/wp\/v2\/media?parent=37148"}],"wp:term":[{"taxonomy":"category","embeddable":true,"href":"https:\/\/laultimapalabra.com.mx\/portal\/wp-json\/wp\/v2\/categories?post=37148"},{"taxonomy":"post_tag","embeddable":true,"href":"https:\/\/laultimapalabra.com.mx\/portal\/wp-json\/wp\/v2\/tags?post=37148"}],"curies":[{"name":"wp","href":"https:\/\/api.w.org\/{rel}","templated":true}]}}