                       {"id":3738,"date":"2018-09-20T21:07:22","date_gmt":"2018-09-20T21:07:22","guid":{"rendered":"http:\/\/laultimapalabra.info\/?p=3738"},"modified":"2024-12-11T08:37:31","modified_gmt":"2024-12-11T14:37:31","slug":"la-guarida-del-mapache-31","status":"publish","type":"post","link":"https:\/\/laultimapalabra.com.mx\/portal\/la-guarida-del-mapache-31\/","title":{"rendered":"La Guarida del Mapache"},"content":{"rendered":"<p><img loading=\"lazy\" decoding=\"async\" class=\"size-medium wp-image-155 alignleft\" src=\"https:\/\/laultimapalabra.com.mx\/portal\/wp-content\/uploads\/2018\/02\/mapache-300x282.jpeg\" alt=\"\" width=\"300\" height=\"282\" \/>Por: El Mapache<\/p>\n<p style=\"text-align: justify;\">DESVELAO<\/p>\n<p style=\"text-align: justify;\">Es como ando raza, la verdad que uno ya no esta pa\u00b4 esos trotes de andas de pe..parranda jejeje como que los a\u00f1os como quiera le hacen mella, \u00bfo ser\u00eda el vuelton\u00f3n que me avent\u00e9?<\/p>\n<p style=\"text-align: justify;\">CLIMA<\/p>\n<p style=\"text-align: justify;\">Ya saben que aqu\u00ed su \u201cservilleta\u201d no le gusta mucho eso de andar en eventos y dem\u00e1s porque luego ah\u00ed lo reconocen a uno y pues ya no puedes hacer ni \u201cma\u00edz\u201d, pero bueno, ordenes son \u00f3rdenes y la mapachita sexy dijo: \u201cAmos al grito\u201d, pues amos! Pero lo malo es que hubo un clima re gacho ese d\u00eda y todo pa\u2019 ir a terminar en \u201cJuaritos\u201d, porque la verdad aqu\u00ed estaba pero que si bien\u2026.<\/p>\n<p style=\"text-align: justify;\">DESANGELADO<\/p>\n<p style=\"text-align: justify;\">As\u00ed es raza, sin \u00e1ngel, sin entusiasmo, sin aquellos tumultos que se hac\u00edan a\u00f1os anteriores, igual ser\u00eda por lo poco conocidos que era la variedad musical que la \u201cadministration\u201d trajo para amenizar, o de plano ya fue porque la raza, ni de lejos quiere ver al alcalde \u201cde$pre$siado\u201d, despu\u00e9s de tanta tranza y sacadera de lana que ha habido en el municipio, la verdad lo ignoro, pero de que hab\u00eda poca raza, mojada y nada que ver con anta\u00f1o, pues si, as\u00ed fue.<\/p>\n<p style=\"text-align: justify;\">\u00daLTIMO<\/p>\n<p style=\"text-align: justify;\">Ya ni porque era su ultimo \u201cGrito\u201d el De$pre$siado le echo ganas pa\u00b4 que quedara bonito, pero pues si la raza y el pueblo no le importaron mientras gobern\u00f3, ahora que ya se va bien \u201ccuajado\u201d y con harta lana pues menos le ha de importar jejeje as\u00ed las cosas compis.<\/p>\n<p style=\"text-align: justify;\">FUCHI<\/p>\n<p style=\"text-align: justify;\">Y pues luego de que anduviera la dipu \u201cDelfin Bettys\u201d ah\u00ed de cirquera quej\u00e1ndose de los dem\u00e1s \u201cdipus\u201d porque ni oficina ni como fracci\u00f3n la quer\u00edan reconocer y haci\u00e9ndole el fuchi, la \u201cbrillante dipu\u201d no le qued\u00f3 otra m\u00e1s que volver a \u201cchapulinear\u201d e irse ahora con el PES compis jejejeje imag\u00ednense, en menos de veinte d\u00edas ya pas\u00f3 del PT, Independiente y ahora en este momento el PES.<\/p>\n<p style=\"text-align: justify;\">BUSSINES<\/p>\n<p style=\"text-align: justify;\">Vayan ustedes a saber si ah\u00ed se va a quedar, o en cuanto no le den lo que quiere vuelva a \u201csaltar\u201d pa\u2019 otro lado jejeje, no raza ah\u00ed no hay mucho que esperar pa\u00b4 C\u00e1diz, si en vez de andar viendo lo del aumento en el transporte con lo que van a joder a mucha raza, esta damita anda viendo donde le va a dejar m\u00e1s \u201cbiyuyo\u201d el \u201cbussiness\u201d de la polaca, pues mejor ni ilusiones nos hacemos jejeje ya dije.<\/p>\n<p style=\"text-align: justify;\">SUSTO<\/p>\n<p style=\"text-align: justify;\">Y pues bueno pasando a otro \u201cmerequetengue\u201d raza, d\u00e9jenme les cuento que el que se va a llevar un sustito bueno es ni m\u00e1s ni menos que el m\u00e1s amado y odiado de la \u201cadministration\u201d, eso s\u00ed, despu\u00e9s del De$pre$iado y el \u201cTroll cabeza de diferencial\u201d del tercer piso, el Ruben \u201cMeencharcas\u201d que trae bronca ya desde hace varios meses con el tampoco muy amado y bien ponderado \u201cprofe Alvariux\u201d.<\/p>\n<p style=\"text-align: justify;\">MALQUERIDO<\/p>\n<p style=\"text-align: justify;\">SI hombre!! \u00c9se que nadie quer\u00eda que porque era medio prepotente y \u201cmamey\u201d jejeje pero que cuando le quisieron dar gas, pues la neta del planeta como que se aventaron un jale medio \u201cchaf\u00f3n\u201d raza, porque resulta que ni para eso lo hicieron bien caray.<\/p>\n<p style=\"text-align: justify;\">PURA FALSEDAD<\/p>\n<p style=\"text-align: justify;\">Ya que resulta compis que el \u201cprofe Alvariux\u201d ya les contest\u00f3 su \u201cintento\u201d de inhabilitarlo como \u201cjuncionario p\u00fablico\u201d y le va a devolver al \u201cMeencharcas\u201d la demanda, pero lo demandar\u00e1 penalmente compis, quesque porque ya comprob\u00f3 que hasta falsos eran los papeles que ellos metieron jejeje, no si les digo que a estos todo les sale mal; ya que queriendo \u201coderselo\u201d pues echaron malas y ahora van a tener que responder por su regada de tepache.<\/p>\n<p style=\"text-align: justify;\">ARRANCAN<\/p>\n<p style=\"text-align: justify;\">Y pues ya sin m\u00e1s ni m\u00e1s raza, al De$pre$iado le vali\u00f3 puritita \u201cm\u00e1user\u201d y comenz\u00f3 con los trabajos de Centro de Justicia para la Mujer, sin arranque, sin protocolo y sin nada compis, yo creo que no ha de haberse puesto de acuerdo con la jefas de familia que andaba ah\u00ed haci\u00e9ndola de tos, porque les iban a quitar un espacio deportivo a sus \u201cbendiciones\u201d, y pues no les quedo otra m\u00e1s que aventarse al \u201cah\u00ed se va\u201d.<\/p>\n<p style=\"text-align: justify;\">AMARRAR<\/p>\n<p style=\"text-align: justify;\">Ya que el chiste ha de haber sido \u201camarrar\u201d la lana de la obra compis, pues ya ven que si no la ejercen la tienen que devolver, y pues el De$pre$siado ni de chiste devolver\u00eda nada, sino todo lo contrario, todav\u00eda anda viendo qu\u00e9 m\u00e1s se puede llevar jejeje.<\/p>\n<p style=\"text-align: justify;\">INCOGNITO<\/p>\n<p style=\"text-align: justify;\">Y ya pa\u2019 despedirme raza, porque tengo hartas cosas que hacer con mi mapachita sexy, d\u00e9jenme les digo que el que andaba en el \u201cpalace\u201d entre semanuca, fue ni m\u00e1s ni menos que el buen \u201cGordisem\u00e1foro\u201d que sabr\u00e1 dios que andar\u00eda haciendo raza, porque se fue directo pa\u2019 la \u201cofice\u201d del De$pre$iado y pues quien sabe si s\u00f3lo andar\u00eda como en el Congreso de \u201cofrecido\u201d jejeje ya ven que se las da de que sabe mucho y cosas de esas.<\/p>\n<p style=\"text-align: justify;\">JALE<\/p>\n<p style=\"text-align: justify;\">A lo mejor quiere pedirle jale al \u201cBigot\u00f3n\u201d ahora que inicie su \u201cadministration\u201d, quien sabe!! Pero mientras son peras o manzanas raza d\u00e9jenme sigo d\u00e1ndole\u2026gusto a mi mapachita sexy, jejeje no sean mal pensados compis, porque sino luego me mandan a pernoctar en la sala del cant\u00f3n\u2026.la vemos.<\/p>\n<p style=\"text-align: justify;\">\n","protected":false},"excerpt":{"rendered":"<p>Por: El Mapache DESVELAO Es como ando raza, la verdad que uno ya no esta pa\u00b4 esos trotes de andas de pe..parranda jejeje como que los a\u00f1os como quiera le hacen mella, \u00bfo ser\u00eda el vuelton\u00f3n que me avent\u00e9? CLIMA Ya saben que aqu\u00ed su \u201cservilleta\u201d no le gusta mucho eso de andar en eventos [&hellip;]<\/p>\n","protected":false},"author":9,"featured_media":155,"comment_status":"open","ping_status":"closed","sticky":false,"template":"","format":"standard","meta":{"footnotes":""},"categories":[1],"tags":[940],"class_list":["post-3738","post","type-post","status-publish","format-standard","has-post-thumbnail","hentry","category-noticias","tag-el-mapache-la-guarida-del-mapache"],"_links":{"self":[{"href":"https:\/\/laultimapalabra.com.mx\/portal\/wp-json\/wp\/v2\/posts\/3738","targetHints":{"allow":["GET"]}}],"collection":[{"href":"https:\/\/laultimapalabra.com.mx\/portal\/wp-json\/wp\/v2\/posts"}],"about":[{"href":"https:\/\/laultimapalabra.com.mx\/portal\/wp-json\/wp\/v2\/types\/post"}],"author":[{"embeddable":true,"href":"https:\/\/laultimapalabra.com.mx\/portal\/wp-json\/wp\/v2\/users\/9"}],"replies":[{"embeddable":true,"href":"https:\/\/laultimapalabra.com.mx\/portal\/wp-json\/wp\/v2\/comments?post=3738"}],"version-history":[{"count":1,"href":"https:\/\/laultimapalabra.com.mx\/portal\/wp-json\/wp\/v2\/posts\/3738\/revisions"}],"predecessor-version":[{"id":65021,"href":"https:\/\/laultimapalabra.com.mx\/portal\/wp-json\/wp\/v2\/posts\/3738\/revisions\/65021"}],"wp:featuredmedia":[{"embeddable":true,"href":"https:\/\/laultimapalabra.com.mx\/portal\/wp-json\/"}],"wp:attachment":[{"href":"https:\/\/laultimapalabra.com.mx\/portal\/wp-json\/wp\/v2\/media?parent=3738"}],"wp:term":[{"taxonomy":"category","embeddable":true,"href":"https:\/\/laultimapalabra.com.mx\/portal\/wp-json\/wp\/v2\/categories?post=3738"},{"taxonomy":"post_tag","embeddable":true,"href":"https:\/\/laultimapalabra.com.mx\/portal\/wp-json\/wp\/v2\/tags?post=3738"}],"curies":[{"name":"wp","href":"https:\/\/api.w.org\/{rel}","templated":true}]}}