                       {"id":3740,"date":"2018-09-20T21:09:37","date_gmt":"2018-09-20T21:09:37","guid":{"rendered":"http:\/\/laultimapalabra.info\/?p=3740"},"modified":"2024-12-11T08:37:31","modified_gmt":"2024-12-11T14:37:31","slug":"19-de-septiembre","status":"publish","type":"post","link":"https:\/\/laultimapalabra.com.mx\/portal\/19-de-septiembre\/","title":{"rendered":"19 de Septiembre"},"content":{"rendered":"<p style=\"text-align: justify;\"><img loading=\"lazy\" decoding=\"async\" class=\"size-medium wp-image-253 alignright\" src=\"https:\/\/laultimapalabra.com.mx\/portal\/wp-content\/uploads\/2018\/02\/DAVID-LOPEZ-281x300.jpg\" alt=\"\" width=\"281\" height=\"300\" \/>Por: David L\u00f3pez<br \/>\nHoy no quiero parlar de pol\u00edtica y cosas peores. S\u00f3lo rememorar un desastre que no viv\u00ed, Pero que mis padres sufrieron en carne propia y todav\u00eda a\u00f1os despu\u00e9s nos contaban con l\u00e1grimas en los ojos, con voz quebrada y tristeza en el alma, por los seres que se fueron. El d\u00eda 19 de septiembre ha sido fat\u00eddico en la historia de nuestro pa\u00eds, hoy se cumplen 63 a\u00f1os del hurac\u00e1n Hilda, 33 a\u00f1os del terremoto de 1985 y un a\u00f1o del terremoto de 2017. Pero hablemos de la inundaci\u00f3n del sur de Tamaulipas, fue un hurac\u00e1n de la temporada de ciclones de 1955 que azot\u00f3 las ciudades mexicanas de Tampico y Cd. Madero y provoc\u00f3 una inundaci\u00f3n en toda la Huasteca junto con el efecto de los huracanes Gladys y Janet de la misma temporada. En 1955 a\u00fan no hab\u00eda sat\u00e9lites meteorol\u00f3gicos y los reportes de huracanes se originaban cuando azotaban las costas o cuando pasaban por un barco. A principios de septiembre de 1955 el hurac\u00e1n golpe\u00f3 la pen\u00ednsula de Yucat\u00e1n y luego entr\u00f3 al golfo de M\u00e9xico. Los tampique\u00f1os y maderenses hab\u00edan sufrido el embate del hurac\u00e1n Gladys y segu\u00edan las noticias del hurac\u00e1n Hilda. El \u00faltimo punto que toc\u00f3 antes de entrar a Tampico fue la isla de Lobos y la madrugada del lunes 19 de septiembre entr\u00f3 en Tampico golpe\u00e1ndolo con vientos estimados de 250 km\/h. Cuando pas\u00f3 el ojo del hurac\u00e1n, muchas personas creyeron que ya hab\u00eda pasado todo y salieron de sus casas a curiosear, s\u00f3lo algunos sab\u00edan que pronto regresar\u00edan los vientos y a muchos los agarr\u00f3 el hurac\u00e1n fuera de sus casas. En 1955 muchas casas eran de madera y por lo tanto el hurac\u00e1n caus\u00f3 grandes destrozos en la ciudad. Pocos d\u00edas despu\u00e9s otro hurac\u00e1n, el Janet se form\u00f3 frente a Campeche y pas\u00f3 cerca de las ciudades de Tampico y Cd. Madero, arrojando una gran cantidad de lluvia. El r\u00edo P\u00e1nuco tuvo una gran crecida que lleg\u00f3 a Tampico y Madero el 2 de octubre del mismo a\u00f1o e inund\u00f3 la ciudad de Tampico, Cd. Madero y toda la zona, llegando las aguas hasta \u00c9bano, SLP. El gobierno federal respondi\u00f3 con un programa de salvamento y la visita del presidente, Don Adolfo Ruiz Cortines. Los Estados Unidos ayudaron con un portaaviones al mando del Contraalmirante Miles. \u00c9sta inundaci\u00f3n fue mayor a la de 1933, cuando otro hurac\u00e1n inund\u00f3 la ciudad. Como dato curioso Hilda fue tomado despu\u00e9s como nombre de un cine ubicado en el centro de Tampico. La historia de Tampico y Cd. Madero quedan marcadas por el tr\u00e1gico suceso, conocida como &#8220;La Tragedia del 55&#8221;. El azote directo del Hurac\u00e1n Hilda y finalmente las torrenciales lluvias y el caudal arrojado por el Hurac\u00e1n Janet, haciendo en conjunto que se registrara la inundaci\u00f3n m\u00e1s asombrosa del siglo que hasta el momento se conociera en el mundo entero, trayendo como consecuencia que la regi\u00f3n y principalmente a Tampico y Cd. Madero fueran declaradas Zona de Desastre. Se recuerda que a mediados del mes de septiembre se anunciaba en la prensa la formaci\u00f3n del Hurac\u00e1n Hilda, acontecimiento que no alarm\u00f3 a los habitantes de la ciudad, ya que se pensaba que no ser\u00eda tan fuerte o bien que eran pocas las probabilidades de que afectara a la ciudad, sin embargo nada estaba m\u00e1s lejos de la verdad. Hoy, en el cementerio municipal de Tampico se pueden ver innumerables tumbas con la fecha, 1955. (HASTA LA PR\u00d3XIMA SDQ)<\/p>\n","protected":false},"excerpt":{"rendered":"<p>Por: David L\u00f3pez Hoy no quiero parlar de pol\u00edtica y cosas peores. S\u00f3lo rememorar un desastre que no viv\u00ed, Pero que mis padres sufrieron en carne propia y todav\u00eda a\u00f1os despu\u00e9s nos contaban con l\u00e1grimas en los ojos, con voz quebrada y tristeza en el alma, por los seres que se fueron. El d\u00eda 19 [&hellip;]<\/p>\n","protected":false},"author":9,"featured_media":253,"comment_status":"open","ping_status":"closed","sticky":false,"template":"","format":"standard","meta":{"footnotes":""},"categories":[1],"tags":[755],"class_list":["post-3740","post","type-post","status-publish","format-standard","has-post-thumbnail","hentry","category-noticias","tag-david-lopez"],"_links":{"self":[{"href":"https:\/\/laultimapalabra.com.mx\/portal\/wp-json\/wp\/v2\/posts\/3740","targetHints":{"allow":["GET"]}}],"collection":[{"href":"https:\/\/laultimapalabra.com.mx\/portal\/wp-json\/wp\/v2\/posts"}],"about":[{"href":"https:\/\/laultimapalabra.com.mx\/portal\/wp-json\/wp\/v2\/types\/post"}],"author":[{"embeddable":true,"href":"https:\/\/laultimapalabra.com.mx\/portal\/wp-json\/wp\/v2\/users\/9"}],"replies":[{"embeddable":true,"href":"https:\/\/laultimapalabra.com.mx\/portal\/wp-json\/wp\/v2\/comments?post=3740"}],"version-history":[{"count":1,"href":"https:\/\/laultimapalabra.com.mx\/portal\/wp-json\/wp\/v2\/posts\/3740\/revisions"}],"predecessor-version":[{"id":65023,"href":"https:\/\/laultimapalabra.com.mx\/portal\/wp-json\/wp\/v2\/posts\/3740\/revisions\/65023"}],"wp:featuredmedia":[{"embeddable":true,"href":"https:\/\/laultimapalabra.com.mx\/portal\/wp-json\/"}],"wp:attachment":[{"href":"https:\/\/laultimapalabra.com.mx\/portal\/wp-json\/wp\/v2\/media?parent=3740"}],"wp:term":[{"taxonomy":"category","embeddable":true,"href":"https:\/\/laultimapalabra.com.mx\/portal\/wp-json\/wp\/v2\/categories?post=3740"},{"taxonomy":"post_tag","embeddable":true,"href":"https:\/\/laultimapalabra.com.mx\/portal\/wp-json\/wp\/v2\/tags?post=3740"}],"curies":[{"name":"wp","href":"https:\/\/api.w.org\/{rel}","templated":true}]}}