                       {"id":37436,"date":"2023-02-15T14:42:58","date_gmt":"2023-02-15T20:42:58","guid":{"rendered":"https:\/\/laultimapalabra.com.mx\/portal\/?p=37436"},"modified":"2024-12-11T10:41:27","modified_gmt":"2024-12-11T16:41:27","slug":"amlo-anuncia-veto-a-reforma-de-monreal-que-eleva-multas-al-que-injurie-al-presidente","status":"publish","type":"post","link":"https:\/\/laultimapalabra.com.mx\/portal\/amlo-anuncia-veto-a-reforma-de-monreal-que-eleva-multas-al-que-injurie-al-presidente\/","title":{"rendered":"AMLO anuncia veto a reforma de Monreal que eleva multas al que injurie al Presidente"},"content":{"rendered":"<p>Ciudad de M\u00e9xico.- Andr\u00e9s Manuel L\u00f3pez Obrador anunci\u00f3 esta ma\u00f1ana que ejercer\u00e1 su derecho al veto sobre una reforma promovida por el Senador Ricardo Monreal que eleva multas a quien injurie al Presidente. Es una Ley de 1917 que revivi\u00f3 Morena en la C\u00e1mara de Diputados, con impulso del l\u00edder de los senadores de izquierda.<\/p>\n<p>Quien present\u00f3 la propuesta es una Diputada de Zacatecas cercana a Monreal: Bennelly Jocabeth Hern\u00e1ndez Ruedas. Lleg\u00f3 a la Comisi\u00f3n de Gobernaci\u00f3n de la C\u00e1mara de Diputados y ayer mismo se aprob\u00f3 el dictamen. No s\u00f3lo eleva los castigos a quienes injurien al Presidente: tambi\u00e9n a los secretarios de Estado, incluso ministros de la Suprema Corte de Justicia de la Naci\u00f3n (SCJN), a gobernadores, al Fiscal General de la Rep\u00fablica. Y, claro, esa reforma que ser\u00e1 votada tambi\u00e9n aumenta las multas a quienes los injurien a ellos, a los legisladores.<\/p>\n<p>\u201cComo me sorprendi\u00f3 ayer que autorizan en la C\u00e1mara que el que insulta al Presidente, le van a aumentar el castigo. Va a tener que pagar dos, tres veces m\u00e1s. Yo no s\u00e9 qui\u00e9n hizo eso\u201d, coment\u00f3 hoy el mandatario mexicano.<\/p>\n<p>Durante su conferencia de prensa matutina, asegur\u00f3 que \u00e9l no necesita de esa reforma y que tampoco la promovi\u00f3. \u201cS\u00ed, pero yo no lo necesito eso, yo no lo necesito. Yo no lo promov\u00ed\u201d, insisti\u00f3.<\/p>\n<p>Por ello, el Jefe del Ejecutivo federal inform\u00f3 que vetar\u00e1 el dictamen. \u201cS\u00ed, lo voy a vetar. Lo voy a vetar. Eso para qu\u00e9. Libertad de expresi\u00f3n\u201d, respondi\u00f3 luego de que fuera cuestionado por el tema.<\/p>\n<p>Ayer, la Comisi\u00f3n de Gobernaci\u00f3n de la C\u00e1mara de Diputados aprob\u00f3 un dictamen para actualizar las multas en la Ley sobre Delitos de Imprenta, con lo cual algunas aumentan hasta tres o cuatro veces, incluidas aquellas por \u201cinjuriar\u201d al Presidente.<\/p>\n<p>La Comisi\u00f3n vot\u00f3 la propuesta hecha por Morena, la cual se aprob\u00f3 con 20 votos a favor, nueve en contra y cero abstenciones. Con el proyecto que reforma diversas disposiciones de la Ley de Delito de Imprenta, tambi\u00e9n se multiplican siete veces las penas pecuniarias a medios impresos por injuriar a secretarios de despacho, al Fiscal General de la Rep\u00fablica, a los gobernadores, al titular de la Jefatura de Gobierno de la Ciudad de M\u00e9xico y a los legisladores.<\/p>\n<p>Andr\u00e9s Manuel L\u00f3pez Obrador anunci\u00f3 esta ma\u00f1ana que ejercer\u00e1 su derecho al veto sobre una reforma promovida por el Senador Ricardo Monreal que eleva multas a quien injurie al Presidente. Es una Ley de 1917 que revivi\u00f3 Morena en la C\u00e1mara de Diputados, con impulso del l\u00edder de los senadores de izquierda.<\/p>\n<p>FUENTE: SIN EMBARGO\/ REDACCI\u00d3N<\/p>\n","protected":false},"excerpt":{"rendered":"<p>Ciudad de M\u00e9xico.- Andr\u00e9s Manuel L\u00f3pez Obrador anunci\u00f3 esta ma\u00f1ana que ejercer\u00e1 su derecho al veto sobre una reforma promovida por el Senador Ricardo Monreal que eleva multas a quien injurie al Presidente. Es una Ley de 1917 que revivi\u00f3 Morena en la C\u00e1mara de Diputados, con impulso del l\u00edder de los senadores de izquierda. [&hellip;]<\/p>\n","protected":false},"author":9,"featured_media":37437,"comment_status":"closed","ping_status":"closed","sticky":false,"template":"","format":"standard","meta":{"footnotes":""},"categories":[19],"tags":[124,6091,6092,5859,6093],"class_list":["post-37436","post","type-post","status-publish","format-standard","has-post-thumbnail","hentry","category-nacional","tag-amlo","tag-injurias","tag-reformamonreal","tag-ultimas-noticias","tag-vetoareformainjurias"],"_links":{"self":[{"href":"https:\/\/laultimapalabra.com.mx\/portal\/wp-json\/wp\/v2\/posts\/37436","targetHints":{"allow":["GET"]}}],"collection":[{"href":"https:\/\/laultimapalabra.com.mx\/portal\/wp-json\/wp\/v2\/posts"}],"about":[{"href":"https:\/\/laultimapalabra.com.mx\/portal\/wp-json\/wp\/v2\/types\/post"}],"author":[{"embeddable":true,"href":"https:\/\/laultimapalabra.com.mx\/portal\/wp-json\/wp\/v2\/users\/9"}],"replies":[{"embeddable":true,"href":"https:\/\/laultimapalabra.com.mx\/portal\/wp-json\/wp\/v2\/comments?post=37436"}],"version-history":[{"count":2,"href":"https:\/\/laultimapalabra.com.mx\/portal\/wp-json\/wp\/v2\/posts\/37436\/revisions"}],"predecessor-version":[{"id":80780,"href":"https:\/\/laultimapalabra.com.mx\/portal\/wp-json\/wp\/v2\/posts\/37436\/revisions\/80780"}],"wp:featuredmedia":[{"embeddable":true,"href":"https:\/\/laultimapalabra.com.mx\/portal\/wp-json\/wp\/v2\/media\/37437"}],"wp:attachment":[{"href":"https:\/\/laultimapalabra.com.mx\/portal\/wp-json\/wp\/v2\/media?parent=37436"}],"wp:term":[{"taxonomy":"category","embeddable":true,"href":"https:\/\/laultimapalabra.com.mx\/portal\/wp-json\/wp\/v2\/categories?post=37436"},{"taxonomy":"post_tag","embeddable":true,"href":"https:\/\/laultimapalabra.com.mx\/portal\/wp-json\/wp\/v2\/tags?post=37436"}],"curies":[{"name":"wp","href":"https:\/\/api.w.org\/{rel}","templated":true}]}}