                       {"id":37446,"date":"2023-02-15T15:45:35","date_gmt":"2023-02-15T21:45:35","guid":{"rendered":"https:\/\/laultimapalabra.com.mx\/portal\/?p=37446"},"modified":"2024-12-11T10:41:27","modified_gmt":"2024-12-11T16:41:27","slug":"es-periferico-costoso-y-peligroso","status":"publish","type":"post","link":"https:\/\/laultimapalabra.com.mx\/portal\/es-periferico-costoso-y-peligroso\/","title":{"rendered":"Es Perif\u00e9rico costoso y peligroso"},"content":{"rendered":"<p>Cadereyta Jim\u00e9nez, N.L.-Ante el aumento de tarifas que se di\u00f3 el d\u00eda de hoy 15 de febrero, ciudadanos hacen el llamado a mejorar la infraestructura carretera del Anillo Perif\u00e9rico en el municipio de Cadereyta.<\/p>\n<p>Fue en el mes de octubre del 2021 cuando el gobernador Samuel Garc\u00eda, acompa\u00f1ado de Alcaldes y Diputados, inauguraron el tramo Ju\u00e1rez-El Castillo y desde el momento en que se abri\u00f3 la circulaci\u00f3n en ese tramo, los automovilistas se percataron de las malas condiciones en las que fue construido; ya que en los puentes hay reducciones de un carril, sin motivo aparente o de arquitectura que explique el porqu\u00e9 de la reducci\u00f3n, lo que ha provocado percances y da\u00f1os en los muros de contenci\u00f3n.<\/p>\n<p>&nbsp;<\/p>\n<p>&nbsp;<\/p>\n<p>&nbsp;<\/p>\n<p>&nbsp;<\/p>\n<p><img loading=\"lazy\" decoding=\"async\" class=\"alignnone size-medium wp-image-37448\" src=\"https:\/\/laultimapalabra.com.mx\/portal\/wp-content\/uploads\/2023\/02\/IMG-20230215-WA0054-300x163.jpg\" alt=\"\" width=\"300\" height=\"163\" srcset=\"https:\/\/laultimapalabra.com.mx\/portal\/wp-content\/uploads\/2023\/02\/IMG-20230215-WA0054-300x163.jpg 300w, https:\/\/laultimapalabra.com.mx\/portal\/wp-content\/uploads\/2023\/02\/IMG-20230215-WA0054-1024x558.jpg 1024w, https:\/\/laultimapalabra.com.mx\/portal\/wp-content\/uploads\/2023\/02\/IMG-20230215-WA0054-768x418.jpg 768w, https:\/\/laultimapalabra.com.mx\/portal\/wp-content\/uploads\/2023\/02\/IMG-20230215-WA0054.jpg 1080w\" sizes=\"auto, (max-width: 300px) 100vw, 300px\" \/><\/p>\n<p>Aunado a este problema, se encuentra la falta de iluminaci\u00f3n, lo que ha dejado hasta el momento al menos dos personas sin vida; adem\u00e1s de m\u00faltiples accidentes con personas lesionadas que se han registrado en dicho tramo.<\/p>\n<p>La ciudadan\u00eda espera que la Red Estatal de Autopistas de Nuevo Le\u00f3n, haga una evaluaci\u00f3n del costo que se cobra a los usuarios y hagan las adecuaciones pertinentes tanto en su infraestructura como en su se\u00f1alizaci\u00f3n e iluminacion a la v\u00eda ya existente equivalente a su costo, para que haya una mejor relaci\u00f3n servicio-costo tanto para la dependencia estatal como para el usuario.<\/p>\n","protected":false},"excerpt":{"rendered":"<p>Cadereyta Jim\u00e9nez, N.L.-Ante el aumento de tarifas que se di\u00f3 el d\u00eda de hoy 15 de febrero, ciudadanos hacen el llamado a mejorar la infraestructura carretera del Anillo Perif\u00e9rico en el municipio de Cadereyta. Fue en el mes de octubre del 2021 cuando el gobernador Samuel Garc\u00eda, acompa\u00f1ado de Alcaldes y Diputados, inauguraron el tramo [&hellip;]<\/p>\n","protected":false},"author":9,"featured_media":37447,"comment_status":"closed","ping_status":"closed","sticky":false,"template":"","format":"standard","meta":{"footnotes":""},"categories":[17,9],"tags":[3840,4271,1769,5859],"class_list":["post-37446","post","type-post","status-publish","format-standard","has-post-thumbnail","hentry","category-locales-cadereyta","category-seguridad-cadereyta","tag-cadereyta-jimenez-nl","tag-peligro","tag-periferico","tag-ultimas-noticias"],"_links":{"self":[{"href":"https:\/\/laultimapalabra.com.mx\/portal\/wp-json\/wp\/v2\/posts\/37446","targetHints":{"allow":["GET"]}}],"collection":[{"href":"https:\/\/laultimapalabra.com.mx\/portal\/wp-json\/wp\/v2\/posts"}],"about":[{"href":"https:\/\/laultimapalabra.com.mx\/portal\/wp-json\/wp\/v2\/types\/post"}],"author":[{"embeddable":true,"href":"https:\/\/laultimapalabra.com.mx\/portal\/wp-json\/wp\/v2\/users\/9"}],"replies":[{"embeddable":true,"href":"https:\/\/laultimapalabra.com.mx\/portal\/wp-json\/wp\/v2\/comments?post=37446"}],"version-history":[{"count":2,"href":"https:\/\/laultimapalabra.com.mx\/portal\/wp-json\/wp\/v2\/posts\/37446\/revisions"}],"predecessor-version":[{"id":80788,"href":"https:\/\/laultimapalabra.com.mx\/portal\/wp-json\/wp\/v2\/posts\/37446\/revisions\/80788"}],"wp:featuredmedia":[{"embeddable":true,"href":"https:\/\/laultimapalabra.com.mx\/portal\/wp-json\/wp\/v2\/media\/37447"}],"wp:attachment":[{"href":"https:\/\/laultimapalabra.com.mx\/portal\/wp-json\/wp\/v2\/media?parent=37446"}],"wp:term":[{"taxonomy":"category","embeddable":true,"href":"https:\/\/laultimapalabra.com.mx\/portal\/wp-json\/wp\/v2\/categories?post=37446"},{"taxonomy":"post_tag","embeddable":true,"href":"https:\/\/laultimapalabra.com.mx\/portal\/wp-json\/wp\/v2\/tags?post=37446"}],"curies":[{"name":"wp","href":"https:\/\/api.w.org\/{rel}","templated":true}]}}