                       {"id":37470,"date":"2023-02-16T13:52:43","date_gmt":"2023-02-16T19:52:43","guid":{"rendered":"https:\/\/laultimapalabra.com.mx\/portal\/?p=37470"},"modified":"2024-12-11T10:41:27","modified_gmt":"2024-12-11T16:41:27","slug":"denunciaria-amlo-al-abogado-de-garcia-luna","status":"publish","type":"post","link":"https:\/\/laultimapalabra.com.mx\/portal\/denunciaria-amlo-al-abogado-de-garcia-luna\/","title":{"rendered":"Denunciar\u00eda AMLO al abogado de Garcia Luna\u00a0"},"content":{"rendered":"<p>CDMX.- El presidente Andr\u00e9s Manuel L\u00f3pez Obrador revel\u00f3 este jueves que analiza la interposici\u00f3n de una denuncia en Estados Unidos contra C\u00e9sar de Castro, abogado de Genaro Garc\u00eda Luna, ex secretario de Seguridad P\u00fablica, y quien resulte responsable, por haber intentado involucrarlo en el financiamiento il\u00edcito de campa\u00f1as electorales.<\/p>\n<p>El martes, en el juicio que se le sigue al ex funcionario de los gobiernos de Vicente Fox y Felipe Calder\u00f3n, el abogado De Castro interrog\u00f3 a Jes\u00fas El Rey Zambada sobre un supuesto pago de 7 millones de d\u00f3lares hecho a un ex funcionario que a su vez lo destinar\u00eda a una campa\u00f1a electoral de L\u00f3pez Obrador contra Fox. Zambada respondi\u00f3 que pag\u00f3 dinero, \u201cpero no para AMLO\u201d.<\/p>\n<p>En su conferencia ma\u00f1anera en Palacio Nacional L\u00f3pez Obrador, dijo que le pidi\u00f3 al secretario de Relaciones Exteriores, Marcelo Ebrard, \u201cque haga el an\u00e1lisis y consulte abogados para ver c\u00f3mo procedemos\u201d.<\/p>\n<p>Luego de opinar que el organigrama de la presunta estructura de funcionarios p\u00fablicos que seg\u00fan la fiscal\u00eda encabez\u00f3 Garc\u00eda Luna para proteger al c\u00e1rtel de Sinaloa \u201cest\u00e1 mocho\u201d, pues dijo que algo \u201cle falta para arriba\u201d, es decir, por encima de Garc\u00eda Luna, el mandatario se\u00f1al\u00f3 que le llam\u00f3 la atenci\u00f3n que en el juicio que se le sigue en Nueva Yorka al ex funcionario, el abogado De Castro no sab\u00eda de la demanda interpuesta por el gobierno mexicano en Estados Unidos para la recuperaci\u00f3n de bienes por cerca de 750 millones de d\u00f3lares de Garc\u00eda Luna y sus allegados.<\/p>\n<p>\u201c\u00bfC\u00f3mo si sab\u00eda de que \u201cme hab\u00eda dado\u201d siete millones de d\u00f3lares Zambada, y no sab\u00eda lo de la denuncia?&#8221;, cuestion\u00f3 el mandatario.<\/p>\n<p>A\u00f1adi\u00f3 que est\u00e1 \u201chaciendo una consulta, porque estoy viendo si es posible que yo presente una denuncia por da\u00f1o moral en contra del abogado de Garc\u00eda Luna y de quienes resulten responsables en Estados Unidos\u201d.<\/p>\n<p>\u201cLo \u00fanico que tengo en la cabeza, aparte de que no acepto que se ponga en duda mi honestidad, porque es lo que estimo m\u00e1s importante en mi vida, es que est\u00e1 de por medio que soy Presidente de M\u00e9xico. No se puede gobernar un pa\u00eds sin autoridad moral. Y lo tercero, no puede ser Presidente de M\u00e9xico quien se convierta en reh\u00e9n de gobiernos extranjeros o de abogados o personajes del extranjero\u201d, dijo L\u00f3pez Obrador.<\/p>\n<p>A\u00f1adi\u00f3 que \u201ccomo no tengo dinero para pagar un abogado, puede ser que encuentre un abogado de los que cobran un porcentaje una vez que se concluye el juicio, y el resto del dinero, lo voy a entregar para familiares de v\u00edctimas que desat\u00f3 Calder\u00f3n\u201d.<\/p>\n<p>FUENTE: LA JORNADA<\/p>\n","protected":false},"excerpt":{"rendered":"<p>CDMX.- El presidente Andr\u00e9s Manuel L\u00f3pez Obrador revel\u00f3 este jueves que analiza la interposici\u00f3n de una denuncia en Estados Unidos contra C\u00e9sar de Castro, abogado de Genaro Garc\u00eda Luna, ex secretario de Seguridad P\u00fablica, y quien resulte responsable, por haber intentado involucrarlo en el financiamiento il\u00edcito de campa\u00f1as electorales. El martes, en el juicio que [&hellip;]<\/p>\n","protected":false},"author":9,"featured_media":37472,"comment_status":"closed","ping_status":"closed","sticky":false,"template":"","format":"standard","meta":{"footnotes":""},"categories":[19],"tags":[124,6108,6107,5852,5859],"class_list":["post-37470","post","type-post","status-publish","format-standard","has-post-thumbnail","hentry","category-nacional","tag-amlo","tag-danomoral","tag-denunciaaabogadodegarcialuna","tag-juiciodelsiglo","tag-ultimas-noticias"],"_links":{"self":[{"href":"https:\/\/laultimapalabra.com.mx\/portal\/wp-json\/wp\/v2\/posts\/37470","targetHints":{"allow":["GET"]}}],"collection":[{"href":"https:\/\/laultimapalabra.com.mx\/portal\/wp-json\/wp\/v2\/posts"}],"about":[{"href":"https:\/\/laultimapalabra.com.mx\/portal\/wp-json\/wp\/v2\/types\/post"}],"author":[{"embeddable":true,"href":"https:\/\/laultimapalabra.com.mx\/portal\/wp-json\/wp\/v2\/users\/9"}],"replies":[{"embeddable":true,"href":"https:\/\/laultimapalabra.com.mx\/portal\/wp-json\/wp\/v2\/comments?post=37470"}],"version-history":[{"count":2,"href":"https:\/\/laultimapalabra.com.mx\/portal\/wp-json\/wp\/v2\/posts\/37470\/revisions"}],"predecessor-version":[{"id":80810,"href":"https:\/\/laultimapalabra.com.mx\/portal\/wp-json\/wp\/v2\/posts\/37470\/revisions\/80810"}],"wp:featuredmedia":[{"embeddable":true,"href":"https:\/\/laultimapalabra.com.mx\/portal\/wp-json\/wp\/v2\/media\/37472"}],"wp:attachment":[{"href":"https:\/\/laultimapalabra.com.mx\/portal\/wp-json\/wp\/v2\/media?parent=37470"}],"wp:term":[{"taxonomy":"category","embeddable":true,"href":"https:\/\/laultimapalabra.com.mx\/portal\/wp-json\/wp\/v2\/categories?post=37470"},{"taxonomy":"post_tag","embeddable":true,"href":"https:\/\/laultimapalabra.com.mx\/portal\/wp-json\/wp\/v2\/tags?post=37470"}],"curies":[{"name":"wp","href":"https:\/\/api.w.org\/{rel}","templated":true}]}}