                       {"id":37511,"date":"2023-02-16T20:36:18","date_gmt":"2023-02-17T02:36:18","guid":{"rendered":"https:\/\/laultimapalabra.com.mx\/portal\/?p=37511"},"modified":"2024-12-11T10:41:28","modified_gmt":"2024-12-11T16:41:28","slug":"usan-maleantes-predio-abandonado-como-guarida","status":"publish","type":"post","link":"https:\/\/laultimapalabra.com.mx\/portal\/usan-maleantes-predio-abandonado-como-guarida\/","title":{"rendered":"Usan maleantes predio abandonado como guarida"},"content":{"rendered":"<p>Cadereyta Jim\u00e9nez, N.L.-Habitantes de la Zona Centro del municipio de Cadereyta, se encuentran preocupados por un predio abandonado el cual es usado por personas con malas intenciones.<br \/>\nEl terreno bald\u00edo se encuentra ubicado en la calle Zaragoza en su cruce con L\u00f3pez Mateos a unos metros de la cl\u00ednica 14 del IMSS, cuenta con un port\u00f3n que ya lleva varios d\u00edas que se encuentra abierto, por lo que los vecinos han reportado a las autoridades para ver si se puede hacer algo.<br \/>\nMientras que por otra parte, ha trascendido de manera extraoficial que el due\u00f1o es el Alcalde de esta ciudad, el ingeniero Cosme Leal Cant\u00fa.<br \/>\nEs por ello, que vecinos de la zona piden se cierre el terreno y se limpie, ya que temen por su seguridad, debido a que por las noches esta muy oscuro; adem\u00e1s de que es usado como pasadizo para ingresar a los domicilios y puede cometerse un il\u00edcito en el interior del mismo.<\/p>\n<p><img loading=\"lazy\" decoding=\"async\" class=\"alignnone size-medium wp-image-37516\" src=\"https:\/\/laultimapalabra.com.mx\/portal\/wp-content\/uploads\/2023\/02\/IMG-20230216-WA0067-300x225.jpg\" alt=\"\" width=\"300\" height=\"225\" srcset=\"https:\/\/laultimapalabra.com.mx\/portal\/wp-content\/uploads\/2023\/02\/IMG-20230216-WA0067-300x225.jpg 300w, https:\/\/laultimapalabra.com.mx\/portal\/wp-content\/uploads\/2023\/02\/IMG-20230216-WA0067-1024x768.jpg 1024w, https:\/\/laultimapalabra.com.mx\/portal\/wp-content\/uploads\/2023\/02\/IMG-20230216-WA0067-768x576.jpg 768w, https:\/\/laultimapalabra.com.mx\/portal\/wp-content\/uploads\/2023\/02\/IMG-20230216-WA0067-1536x1152.jpg 1536w, https:\/\/laultimapalabra.com.mx\/portal\/wp-content\/uploads\/2023\/02\/IMG-20230216-WA0067.jpg 1600w\" sizes=\"auto, (max-width: 300px) 100vw, 300px\" \/><\/p>\n","protected":false},"excerpt":{"rendered":"<p>Cadereyta Jim\u00e9nez, N.L.-Habitantes de la Zona Centro del municipio de Cadereyta, se encuentran preocupados por un predio abandonado el cual es usado por personas con malas intenciones. El terreno bald\u00edo se encuentra ubicado en la calle Zaragoza en su cruce con L\u00f3pez Mateos a unos metros de la cl\u00ednica 14 del IMSS, cuenta con un [&hellip;]<\/p>\n","protected":false},"author":9,"featured_media":37513,"comment_status":"closed","ping_status":"closed","sticky":false,"template":"","format":"standard","meta":{"footnotes":""},"categories":[17,1],"tags":[],"class_list":["post-37511","post","type-post","status-publish","format-standard","has-post-thumbnail","hentry","category-locales-cadereyta","category-noticias"],"_links":{"self":[{"href":"https:\/\/laultimapalabra.com.mx\/portal\/wp-json\/wp\/v2\/posts\/37511","targetHints":{"allow":["GET"]}}],"collection":[{"href":"https:\/\/laultimapalabra.com.mx\/portal\/wp-json\/wp\/v2\/posts"}],"about":[{"href":"https:\/\/laultimapalabra.com.mx\/portal\/wp-json\/wp\/v2\/types\/post"}],"author":[{"embeddable":true,"href":"https:\/\/laultimapalabra.com.mx\/portal\/wp-json\/wp\/v2\/users\/9"}],"replies":[{"embeddable":true,"href":"https:\/\/laultimapalabra.com.mx\/portal\/wp-json\/wp\/v2\/comments?post=37511"}],"version-history":[{"count":3,"href":"https:\/\/laultimapalabra.com.mx\/portal\/wp-json\/wp\/v2\/posts\/37511\/revisions"}],"predecessor-version":[{"id":80828,"href":"https:\/\/laultimapalabra.com.mx\/portal\/wp-json\/wp\/v2\/posts\/37511\/revisions\/80828"}],"wp:featuredmedia":[{"embeddable":true,"href":"https:\/\/laultimapalabra.com.mx\/portal\/wp-json\/wp\/v2\/media\/37513"}],"wp:attachment":[{"href":"https:\/\/laultimapalabra.com.mx\/portal\/wp-json\/wp\/v2\/media?parent=37511"}],"wp:term":[{"taxonomy":"category","embeddable":true,"href":"https:\/\/laultimapalabra.com.mx\/portal\/wp-json\/wp\/v2\/categories?post=37511"},{"taxonomy":"post_tag","embeddable":true,"href":"https:\/\/laultimapalabra.com.mx\/portal\/wp-json\/wp\/v2\/tags?post=37511"}],"curies":[{"name":"wp","href":"https:\/\/api.w.org\/{rel}","templated":true}]}}