                       {"id":37523,"date":"2023-02-16T22:53:31","date_gmt":"2023-02-17T04:53:31","guid":{"rendered":"https:\/\/laultimapalabra.com.mx\/portal\/?p=37523"},"modified":"2024-12-11T10:41:28","modified_gmt":"2024-12-11T16:41:28","slug":"ataque-a-balazos-deja-un-ejecutado-y-una-lesionada","status":"publish","type":"post","link":"https:\/\/laultimapalabra.com.mx\/portal\/ataque-a-balazos-deja-un-ejecutado-y-una-lesionada\/","title":{"rendered":"Ataque a balazos deja un ejecutado y una lesionada"},"content":{"rendered":"<p>Cadereyta Jim\u00e9nez, N.L.- Un hombre sin vida y una mujer lesionada, fue el saldo de un ataque armado en el municipio de Cadereyta.<br \/>\nEl hecho violento se registr\u00f3 cerca de las 8:00 de la noche del jueves, en la calle Gomero en la colonia Valle de los Encinos.<br \/>\nPresuntamente, hombres armados a pie atacaron a la pareja que se encontraba afuera de un domicilio, Ram\u00f3n Magdaleno Puente Rodea de 21 a\u00f1os de edad qued\u00f3 sin vida en el lugar, mientras que la mujer fue trasladada por Servicios de Emergencia Cadereyta hacia el Hospital Universitario con dos impactos de bala.<br \/>\nAl lugar arribaron elementos de la Polic\u00eda Municipal y Fuerza Civil quienes acordonaron el \u00e1rea, para iniciar con las indagatorias correspondientes.<\/p>\n<p><img loading=\"lazy\" decoding=\"async\" class=\"alignnone size-medium wp-image-37525\" src=\"https:\/\/laultimapalabra.com.mx\/portal\/wp-content\/uploads\/2023\/02\/IMG-20230216-WA0088-300x163.jpg\" alt=\"\" width=\"300\" height=\"163\" srcset=\"https:\/\/laultimapalabra.com.mx\/portal\/wp-content\/uploads\/2023\/02\/IMG-20230216-WA0088-300x163.jpg 300w, https:\/\/laultimapalabra.com.mx\/portal\/wp-content\/uploads\/2023\/02\/IMG-20230216-WA0088-768x417.jpg 768w, https:\/\/laultimapalabra.com.mx\/portal\/wp-content\/uploads\/2023\/02\/IMG-20230216-WA0088.jpg 921w\" sizes=\"auto, (max-width: 300px) 100vw, 300px\" \/><\/p>\n","protected":false},"excerpt":{"rendered":"<p>Cadereyta Jim\u00e9nez, N.L.- Un hombre sin vida y una mujer lesionada, fue el saldo de un ataque armado en el municipio de Cadereyta. El hecho violento se registr\u00f3 cerca de las 8:00 de la noche del jueves, en la calle Gomero en la colonia Valle de los Encinos. Presuntamente, hombres armados a pie atacaron a [&hellip;]<\/p>\n","protected":false},"author":9,"featured_media":37524,"comment_status":"closed","ping_status":"closed","sticky":false,"template":"","format":"standard","meta":{"footnotes":""},"categories":[1,8,9],"tags":[5002,6129],"class_list":["post-37523","post","type-post","status-publish","format-standard","has-post-thumbnail","hentry","category-noticias","category-seguridad","category-seguridad-cadereyta","tag-ataque-armado","tag-sin-vida"],"_links":{"self":[{"href":"https:\/\/laultimapalabra.com.mx\/portal\/wp-json\/wp\/v2\/posts\/37523","targetHints":{"allow":["GET"]}}],"collection":[{"href":"https:\/\/laultimapalabra.com.mx\/portal\/wp-json\/wp\/v2\/posts"}],"about":[{"href":"https:\/\/laultimapalabra.com.mx\/portal\/wp-json\/wp\/v2\/types\/post"}],"author":[{"embeddable":true,"href":"https:\/\/laultimapalabra.com.mx\/portal\/wp-json\/wp\/v2\/users\/9"}],"replies":[{"embeddable":true,"href":"https:\/\/laultimapalabra.com.mx\/portal\/wp-json\/wp\/v2\/comments?post=37523"}],"version-history":[{"count":3,"href":"https:\/\/laultimapalabra.com.mx\/portal\/wp-json\/wp\/v2\/posts\/37523\/revisions"}],"predecessor-version":[{"id":80834,"href":"https:\/\/laultimapalabra.com.mx\/portal\/wp-json\/wp\/v2\/posts\/37523\/revisions\/80834"}],"wp:featuredmedia":[{"embeddable":true,"href":"https:\/\/laultimapalabra.com.mx\/portal\/wp-json\/wp\/v2\/media\/37524"}],"wp:attachment":[{"href":"https:\/\/laultimapalabra.com.mx\/portal\/wp-json\/wp\/v2\/media?parent=37523"}],"wp:term":[{"taxonomy":"category","embeddable":true,"href":"https:\/\/laultimapalabra.com.mx\/portal\/wp-json\/wp\/v2\/categories?post=37523"},{"taxonomy":"post_tag","embeddable":true,"href":"https:\/\/laultimapalabra.com.mx\/portal\/wp-json\/wp\/v2\/tags?post=37523"}],"curies":[{"name":"wp","href":"https:\/\/api.w.org\/{rel}","templated":true}]}}