                       {"id":37562,"date":"2023-02-17T15:51:35","date_gmt":"2023-02-17T21:51:35","guid":{"rendered":"https:\/\/laultimapalabra.com.mx\/portal\/?p=37562"},"modified":"2024-12-11T10:41:28","modified_gmt":"2024-12-11T16:41:28","slug":"amlo-no-entregara-presidencia-de-alianza-del-pacifico-a-gobierno-espurio-de-peru","status":"publish","type":"post","link":"https:\/\/laultimapalabra.com.mx\/portal\/amlo-no-entregara-presidencia-de-alianza-del-pacifico-a-gobierno-espurio-de-peru\/","title":{"rendered":"AMLO no entregar\u00e1 presidencia de Alianza del Pac\u00edfico a Gobierno \u201cespurio\u201d de Per\u00fa"},"content":{"rendered":"<p>Ciudad de M\u00e9xico.\u2013 El Presidente Andr\u00e9s Manuel L\u00f3pez Obrador rechaz\u00f3 esta ma\u00f1ana entregar la presidencia pro tempore de la Alianza del Pac\u00edfico, que estaba fijada para el pasado mes de enero para Per\u00fa, cuando ya hab\u00eda iniciado la crisis pol\u00edtica actual en el pa\u00eds andino, debido a que el mandatario mexicano no quiere \u201clegitimar\u201d a un Gobierno, el de Dina Boluarte, al que consider\u00f3 \u201cespurio\u201d, por lo que consultar\u00e1 con el Grupo de R\u00edo qu\u00e9 es lo que se har\u00e1.<\/p>\n<p>\u201cSi ellos dicen \u2018entreguen la presidencia\u2019 lo hacemos, pero s\u00ed har\u00e9 consulta, no quiero legitimar un golpe de estado, no lo podemos hacer, es contrario a las libertades, contrario a los derechos humanos y es antidemocr\u00e1tico, con nosotros no cuentan en eso\u201d, a\u00f1adi\u00f3, en referencia a los pa\u00edses de Latinoam\u00e9rica y el Caribe que integran dicho mecanismo.<\/p>\n<p>L\u00f3pez Obrador detall\u00f3 que, cuando se iba a dar el cambio de la presidencia de la Alianza del Pac\u00edfico, no le permitieron al entonces Presidente Pedro Castillo salir de Per\u00fa.<\/p>\n<p>La Presidenta peruana, Dina Boluarte, hab\u00eda acusado el mi\u00e9rcoles al Presidente L\u00f3pez Obrador de no querer ceder a Per\u00fa la presidencia pro tempore de la Alianza del Pac\u00edfico. \u201cEn enero de este a\u00f1o, el Per\u00fa debi\u00f3 haber asumido la presidencia pro tempore, sin embargo, por la situaci\u00f3n pol\u00edtica, el Presidente de M\u00e9xico hasta ahora est\u00e1 perjudicando a los pueblos que comprende la Alianza del Pac\u00edfico\u201d, ha aseverado la mandataria peruana en un mensaje a la naci\u00f3n recogido por Gesti\u00f3n.<\/p>\n<p>Seg\u00fan Boluarte, en un esfuerzo por apoyar al expresidente Pedro Castillo, L\u00f3pez Obrador no quiere entregar la presidencia de la Alianza del Pac\u00edfico, conformada por Chile, Colombia, M\u00e9xico y Per\u00fa.<\/p>\n<p>En tanto, Boluarte ha argumentado que \u201cun tema pol\u00edtico\u201d no puede \u201ctrascender m\u00e1s all\u00e1\u201d de las alianzas como esta, afirmando que son \u201cimportantes para el desarrollo de los pueblos\u201d.<\/p>\n<p>Anteriormente, el Presidente de M\u00e9xico ha cargado contra Naciones Unidas, la Organizaci\u00f3n de Estados Americanos (OEA) y la Uni\u00f3n Europea por su \u201csilencio\u201d ante la situaci\u00f3n en Per\u00fa, escenario desde hace semanas de manifestaciones antigubernamentales en las que han fallecido ya cerca de 60 personas.<\/p>\n<p>L\u00f3pez Obrador ha tildado de \u201cinfamia\u201d la destituci\u00f3n y detenci\u00f3n de Castillo.<\/p>\n<p>Adem\u00e1s, este viernes, L\u00f3pez Obrador defendi\u00f3 a Castillo. \u201cLo meten a la c\u00e1rcel, no hay fundamentos legales, lo que hay en el fondo es una actitud clasista, racista. Como se trata de un maestro de la sierra, humilde, fue desde el principio acosado, como cinco, seis intentos de destituci\u00f3n, hasta que lo lograron; con mucha traici\u00f3n de quienes supuestamente lo ayudaban (\u2026), era una asociaci\u00f3n delictuosa, toda una conspiraci\u00f3n&#8221;, puntualiz\u00f3.<\/p>\n<p>FUENTE: SIN EMBARGO MX<\/p>\n","protected":false},"excerpt":{"rendered":"<p>Ciudad de M\u00e9xico.\u2013 El Presidente Andr\u00e9s Manuel L\u00f3pez Obrador rechaz\u00f3 esta ma\u00f1ana entregar la presidencia pro tempore de la Alianza del Pac\u00edfico, que estaba fijada para el pasado mes de enero para Per\u00fa, cuando ya hab\u00eda iniciado la crisis pol\u00edtica actual en el pa\u00eds andino, debido a que el mandatario mexicano no quiere \u201clegitimar\u201d a [&hellip;]<\/p>\n","protected":false},"author":9,"featured_media":37563,"comment_status":"closed","ping_status":"closed","sticky":false,"template":"","format":"standard","meta":{"footnotes":""},"categories":[19],"tags":[124,5416,6137,5403,6136,5859],"class_list":["post-37562","post","type-post","status-publish","format-standard","has-post-thumbnail","hentry","category-nacional","tag-amlo","tag-boluarte","tag-gobiernoespurio","tag-peru","tag-presidenciaalianzapacifico","tag-ultimas-noticias"],"_links":{"self":[{"href":"https:\/\/laultimapalabra.com.mx\/portal\/wp-json\/wp\/v2\/posts\/37562","targetHints":{"allow":["GET"]}}],"collection":[{"href":"https:\/\/laultimapalabra.com.mx\/portal\/wp-json\/wp\/v2\/posts"}],"about":[{"href":"https:\/\/laultimapalabra.com.mx\/portal\/wp-json\/wp\/v2\/types\/post"}],"author":[{"embeddable":true,"href":"https:\/\/laultimapalabra.com.mx\/portal\/wp-json\/wp\/v2\/users\/9"}],"replies":[{"embeddable":true,"href":"https:\/\/laultimapalabra.com.mx\/portal\/wp-json\/wp\/v2\/comments?post=37562"}],"version-history":[{"count":2,"href":"https:\/\/laultimapalabra.com.mx\/portal\/wp-json\/wp\/v2\/posts\/37562\/revisions"}],"predecessor-version":[{"id":80876,"href":"https:\/\/laultimapalabra.com.mx\/portal\/wp-json\/wp\/v2\/posts\/37562\/revisions\/80876"}],"wp:featuredmedia":[{"embeddable":true,"href":"https:\/\/laultimapalabra.com.mx\/portal\/wp-json\/wp\/v2\/media\/37563"}],"wp:attachment":[{"href":"https:\/\/laultimapalabra.com.mx\/portal\/wp-json\/wp\/v2\/media?parent=37562"}],"wp:term":[{"taxonomy":"category","embeddable":true,"href":"https:\/\/laultimapalabra.com.mx\/portal\/wp-json\/wp\/v2\/categories?post=37562"},{"taxonomy":"post_tag","embeddable":true,"href":"https:\/\/laultimapalabra.com.mx\/portal\/wp-json\/wp\/v2\/tags?post=37562"}],"curies":[{"name":"wp","href":"https:\/\/api.w.org\/{rel}","templated":true}]}}