                       {"id":3763,"date":"2018-09-20T20:45:13","date_gmt":"2018-09-20T20:45:13","guid":{"rendered":"http:\/\/laultimapalabra.info\/?p=3763"},"modified":"2024-12-11T08:37:31","modified_gmt":"2024-12-11T14:37:31","slug":"sergio-rey-sufrira-bronco-costo-politico-por-tarifazo","status":"publish","type":"post","link":"https:\/\/laultimapalabra.com.mx\/portal\/sergio-rey-sufrira-bronco-costo-politico-por-tarifazo\/","title":{"rendered":"Sergio Rey\u2026 \u201cSufrir\u00e1 Bronco costo  pol\u00edtico por tarifazo\u201d"},"content":{"rendered":"<p style=\"text-align: justify;\">*Como frustrante y atentado al bolsillo de sectores vulnerables calific\u00f3 activista el aumento a tarifas del transporte.<\/p>\n<p style=\"text-align: justify;\"><img loading=\"lazy\" decoding=\"async\" class=\"size-medium wp-image-3764 alignleft\" src=\"https:\/\/laultimapalabra.com.mx\/portal\/wp-content\/uploads\/2018\/09\/DSCN0533-300x225.jpg\" alt=\"\" width=\"300\" height=\"225\" \/>Miguel Oscar P\u00e9rez<br \/>\nCD. BENITO JU\u00c1REZ, N.L.-<br \/>\n\u201cEl primer sentimiento que me viene es de frustraci\u00f3n, de mucho coraje, sobre todo porque esto la gente de momento no tiene la visi\u00f3n para poder comprender que les va afectar de forma terrible en su econom\u00eda\u201d, dijo Sergio Rey Gonz\u00e1lez Jardines, creador de la P\u00e1gina Rutas Dignas para Ju\u00e1rez.<br \/>\nPor medio de un video donde mostraba su inconformidad sobre el ya bautizado \u201ctarifazo\u201d Gonz\u00e1lez Jardines alcanz\u00f3 m\u00e1s de 65 mil reproducciones y miles de compartidos, cifra que prob\u00f3 el descontento generalizado por el incremento.<br \/>\n\u201cBueno, de forma inmediata al enterarnos de c\u00f3mo hab\u00eda culminado la Junta del Consejo del Transporte, pues me di a la tarea de elaborar ese video, lo cual ha tenido una aceptaci\u00f3n pues incre\u00edble, ha sido compartido m\u00e1s de dos mil veces, inclusive plataformas ciudadanas como nosotros as\u00ed llamada donde pertenecen distinguidas personalidades del mundo del activismo lo compartieron, y pues resulta de que ah\u00ed manifestamos que parar\u00edamos el d\u00eda de hoy 19 de Septiembre, de hecho me est\u00e1n comunicando de varias zonas de la ciudad, en las que efectivamente se vio una disminuci\u00f3n en cuanto al volumen del pasaje\u201d, se\u00f1al\u00f3.<br \/>\nExplic\u00f3 que aunque el incremento ser\u00e1 gradual, no deja de ser un atentado contra los sectores m\u00e1s vulnerables, ya que los usuarios de la tarjeta feria con el incremento m\u00e1s el desliz de 10 centavos por mes llegar\u00e1 a pagar $16.70, mientras que el metro al finalizar el mandato de Rodr\u00edguez Calder\u00f3n se duplicar\u00eda al doble.<br \/>\nPor el lado de los usuarios de cami\u00f3n urbano que no cuenten con el servicio de la tarjeta feria, el precio llegar\u00e1 hasta los $19.50 pesos en el 2021.<br \/>\n\u201cY estamos hablando que esto es en tarifas de gente que vive en el \u00e1rea metropolitana, gente que vive en Cadereyta que inclusive ya estaban teniendo un coste superior a los 12 pesos, obviamente ah\u00ed la tarifa va a ser discrecional, mucho m\u00e1s alta\u201d, mencion\u00f3.<br \/>\nMencion\u00f3 que el movimiento en contra del aumento a las tarifas han logrado conquistar simpat\u00edas en el poder legislativa y que el Movimiento Ciudadano, fue la primera fracci\u00f3n en levantar la mano en contra del movimiento.<br \/>\n\u201cY a nivel federal, ya hay en este momento una moci\u00f3n en la c\u00e1mara de Senadores donde un Senador de extracci\u00f3n panista, V\u00edctor Fuentes, que logr\u00f3 que por unanimidad el Senado de la Republica env\u00ede un exhorto a Jaime Rodr\u00edguez Calder\u00f3n, para que valore bien lo que va a hacer con respecto al aumento del precio del pasaje\u201d, acot\u00f3.<br \/>\n\u00bfCrees que el Gobernador va a tener un costo pol\u00edtico por esta situaci\u00f3n?<br \/>\n\u201cEsto definitivo. Ya ahorita la problem\u00e1tica que estamos teniendo es la situaci\u00f3n de que Jaime Rodr\u00edguez Calder\u00f3n regresa muy bajo de aceptaci\u00f3n, por esta situaci\u00f3n de la \u2013aventura- presidencial, y bueno la toma de esta decisi\u00f3n obligado por las circunstancias o las presiones de diversos grupos de inter\u00e9s que participan en los sectores de transporte y obviamente de su propia administraci\u00f3n\u201d, argument\u00f3 Sergio Rey.<br \/>\n\u00bfT\u00fa crees que Jaime Rodr\u00edguez, que el Gobernador ten\u00eda la facultad de poder detener ese aumento?<br \/>\n\u201cSi, aqu\u00ed el detalle es el siguiente mucha de la informaci\u00f3n que han tomado para tomar la determinaci\u00f3n del aumento obedecer\u00eda a cosas que no est\u00e1n siendo bien medidas, hay un d\u00e9ficit de 1,100 autobuses, no cumplieron con acuerdos que hab\u00edan llevado a cabo desde 2014\u201d, se\u00f1al\u00f3.<br \/>\n\u201cSi porque la realidad de los beneficios que tiene la industria de que vayan los trabajadores a la plantas, no es una situaci\u00f3n tan simplista, estamos ante una situaci\u00f3n subnormal, para no ser groseros con el se\u00f1or, entonces sus bonos, yo siento que este es uno m\u00e1s de los clavos del f\u00e9retro pol\u00edtico de Rodr\u00edguez Calder\u00f3n, pues es que la realidad la poblaci\u00f3n cuando empiecen a entender esto, es cuando les empiecen a cobrar. Es como la cr\u00f3nica de una muerte anunciada, pol\u00edticamente hablando, lo que \u00e9l trat\u00f3 en su momento de hacer ya quedo como una payasada, porque esto definitivamente es una traici\u00f3n al pueblo de Nuevo Le\u00f3n porque a la larga \u00e9l antes de terminar su mandato nos va a cobrar en retroactivo todos los aumentos que no se hicieron en los \u00faltimos tres a\u00f1os, \u00e9l deber\u00eda de iniciar en este momento, primero hacer un an\u00e1lisis serio, tomar en consideraci\u00f3n todos los factores, rehacer una formula l\u00f3gica y evidentemente, si hacer una escalada de precios probablemente, pero sus argumentos no son v\u00e1lidos\u201d.<br \/>\nSe le cuestion\u00f3 al entrevistado sobre el aumento a los combustibles deton\u00f3 el incremento y de no ser as\u00ed que otra alternativa suger\u00eda para evitar las nuevas tarifas con combustibles caros.<br \/>\n\u201cSi, de hecho la propuesta de un servidor, es que se puede hacer una iniciativa de Ley que marque una disminuci\u00f3n en un precio preferente, disminuci\u00f3n del IEPS; del impuesto estatal del cual hace uso la Federaci\u00f3n, la composici\u00f3n del IEPS tiene una fracci\u00f3n de impuesto estatal. Y pues que esa parte dentro del combustible de autotransporte sea directamente acreditable; y n\u00famero dos, no nos vamos a hacer tontos, Rodr\u00edguez Calder\u00f3n su gobierno tiene un porcentaje muy significativo sobre el 2% sobre impuesto sobre n\u00f3minas\u201d, se\u00f1al\u00f3<br \/>\nCritic\u00f3 que el actual mandatario vele m\u00e1s por los intereses de los empresarios del transporte de los cuales dijo que son como ocho o nueve familias las due\u00f1as de todos los consorcios camioneros.<br \/>\nCritic\u00f3 la Ecov\u00eda, ya que era un sistema fallido que no benefici\u00f3 al usuario, ya que al implementarlo, retiraron varias rutas que daban servicio a los usuarios.<br \/>\nRechaz\u00f3 hacer actos de resistencia que da\u00f1en a terceros como bloqueos o cierres de avenidas, pero si habr\u00e1 movilizaciones donde muestren su repudio al tarifazo.<br \/>\n\u201cVamos a estar informando a la gente en los paraderos, pero de una forma itinerante, no vamos afectar los intereses de terceros ni vamos a participar en bloqueos. Pero si hay extra\u00f1eza por el voto a favor del alcalde de Ju\u00e1rez, Heriberto Trevi\u00f1o Cant\u00fa, y saber el por qu\u00e9\u201d, explic\u00f3.<\/p>\n","protected":false},"excerpt":{"rendered":"<p>*Como frustrante y atentado al bolsillo de sectores vulnerables calific\u00f3 activista el aumento a tarifas del transporte. Miguel Oscar P\u00e9rez CD. BENITO JU\u00c1REZ, N.L.- \u201cEl primer sentimiento que me viene es de frustraci\u00f3n, de mucho coraje, sobre todo porque esto la gente de momento no tiene la visi\u00f3n para poder comprender que les va afectar [&hellip;]<\/p>\n","protected":false},"author":9,"featured_media":3764,"comment_status":"open","ping_status":"closed","sticky":false,"template":"","format":"standard","meta":{"footnotes":""},"categories":[18],"tags":[233,2130],"class_list":["post-3763","post","type-post","status-publish","format-standard","has-post-thumbnail","hentry","category-locales-juarez","tag-aumento-en-transporte","tag-sergio-rey"],"_links":{"self":[{"href":"https:\/\/laultimapalabra.com.mx\/portal\/wp-json\/wp\/v2\/posts\/3763","targetHints":{"allow":["GET"]}}],"collection":[{"href":"https:\/\/laultimapalabra.com.mx\/portal\/wp-json\/wp\/v2\/posts"}],"about":[{"href":"https:\/\/laultimapalabra.com.mx\/portal\/wp-json\/wp\/v2\/types\/post"}],"author":[{"embeddable":true,"href":"https:\/\/laultimapalabra.com.mx\/portal\/wp-json\/wp\/v2\/users\/9"}],"replies":[{"embeddable":true,"href":"https:\/\/laultimapalabra.com.mx\/portal\/wp-json\/wp\/v2\/comments?post=3763"}],"version-history":[{"count":1,"href":"https:\/\/laultimapalabra.com.mx\/portal\/wp-json\/wp\/v2\/posts\/3763\/revisions"}],"predecessor-version":[{"id":65035,"href":"https:\/\/laultimapalabra.com.mx\/portal\/wp-json\/wp\/v2\/posts\/3763\/revisions\/65035"}],"wp:featuredmedia":[{"embeddable":true,"href":"https:\/\/laultimapalabra.com.mx\/portal\/wp-json\/"}],"wp:attachment":[{"href":"https:\/\/laultimapalabra.com.mx\/portal\/wp-json\/wp\/v2\/media?parent=3763"}],"wp:term":[{"taxonomy":"category","embeddable":true,"href":"https:\/\/laultimapalabra.com.mx\/portal\/wp-json\/wp\/v2\/categories?post=3763"},{"taxonomy":"post_tag","embeddable":true,"href":"https:\/\/laultimapalabra.com.mx\/portal\/wp-json\/wp\/v2\/tags?post=3763"}],"curies":[{"name":"wp","href":"https:\/\/api.w.org\/{rel}","templated":true}]}}