                       {"id":37824,"date":"2023-02-23T15:27:06","date_gmt":"2023-02-23T21:27:06","guid":{"rendered":"https:\/\/laultimapalabra.com.mx\/portal\/?p=37824"},"modified":"2024-12-11T10:41:32","modified_gmt":"2024-12-11T16:41:32","slug":"no-hay-supervision-municipal-en-la-obra-autorizada-por-el-presidente-amlo-para-cadereyta","status":"publish","type":"post","link":"https:\/\/laultimapalabra.com.mx\/portal\/no-hay-supervision-municipal-en-la-obra-autorizada-por-el-presidente-amlo-para-cadereyta\/","title":{"rendered":"No hay supervisi\u00f3n municipal en la obra autorizada por el Presidente AMLO para Cadereyta"},"content":{"rendered":"<p>Cadereyta Jim\u00e9nez, N.L.- La ma\u00f1ana de este jueves 23 de febrero, La \u00daltima Palabra estuvo presente en la calle Cap. Alonso de Le\u00f3n, en su cruce con la Calle Hidalgo para dar cuenta del avance de la obra de Introducci\u00f3n de Drenaje Sanitario y Pavimentaci\u00f3n autorizada por el Presidente Andres Manuel L\u00f3pez Obrador mediante la gesti\u00f3n de este Medio realizada en la Ma\u00f1anera del 16 de Junio del 2022.<\/p>\n<p>Atendidos por el Supervisor de la Obra por parte de la Empresa HE de Hidalgo y quien fuera contratada por Petr\u00f3leos Mexicanos, se conoci\u00f3 que el avance aproximado de la obra es de un 14 por ciento, con miras a finalizar la obra el pr\u00f3ximo mes de mayo.<\/p>\n<p>Argument\u00f3 el Supervisor de la Compa\u00f1\u00eda referida, de nombre Jonathan, que la obra que hab\u00eda sido suspendida el mes de diciembre por no contar con los materiales adecuados para su realizaci\u00f3n, se reanud\u00f3 a principios de este a\u00f1o ya con los materiales id\u00f3neos para la naturaleza de la obra.<\/p>\n<p>Aparentemente el Municipio tendr\u00eda que supervisar los trabajos de esta obra, sin embargo, aparentemente no se ha presentado nadie de la Administraci\u00f3n Municipal para verificar la buena marcha de estos trabajos.<\/p>\n<p>El sistema de drenaje sanitario que hab\u00eda sido instalado desde los a\u00f1os sesenta, aparentemente hab\u00eda ya desaparecido por la acci\u00f3n de los \u00e1cidos y otros qu\u00edmicos que provocaron su colapso y pulverizaci\u00f3n que ocasion\u00f3 gran cantidad de da\u00f1os en el subsuelo.<\/p>\n<p>La \u00daltima Palabra\/Redacci\u00f3n<\/p>\n<p>&nbsp;<\/p>\n","protected":false},"excerpt":{"rendered":"<p>Cadereyta Jim\u00e9nez, N.L.- La ma\u00f1ana de este jueves 23 de febrero, La \u00daltima Palabra estuvo presente en la calle Cap. Alonso de Le\u00f3n, en su cruce con la Calle Hidalgo para dar cuenta del avance de la obra de Introducci\u00f3n de Drenaje Sanitario y Pavimentaci\u00f3n autorizada por el Presidente Andres Manuel L\u00f3pez Obrador mediante la [&hellip;]<\/p>\n","protected":false},"author":9,"featured_media":37826,"comment_status":"closed","ping_status":"closed","sticky":false,"template":"","format":"standard","meta":{"footnotes":""},"categories":[17],"tags":[124,6206,6207,6205,5859],"class_list":["post-37824","post","type-post","status-publish","format-standard","has-post-thumbnail","hentry","category-locales-cadereyta","tag-amlo","tag-cadereytaobrapublica","tag-laultimapalabraamlo","tag-obradrenajesanitario","tag-ultimas-noticias"],"_links":{"self":[{"href":"https:\/\/laultimapalabra.com.mx\/portal\/wp-json\/wp\/v2\/posts\/37824","targetHints":{"allow":["GET"]}}],"collection":[{"href":"https:\/\/laultimapalabra.com.mx\/portal\/wp-json\/wp\/v2\/posts"}],"about":[{"href":"https:\/\/laultimapalabra.com.mx\/portal\/wp-json\/wp\/v2\/types\/post"}],"author":[{"embeddable":true,"href":"https:\/\/laultimapalabra.com.mx\/portal\/wp-json\/wp\/v2\/users\/9"}],"replies":[{"embeddable":true,"href":"https:\/\/laultimapalabra.com.mx\/portal\/wp-json\/wp\/v2\/comments?post=37824"}],"version-history":[{"count":5,"href":"https:\/\/laultimapalabra.com.mx\/portal\/wp-json\/wp\/v2\/posts\/37824\/revisions"}],"predecessor-version":[{"id":81046,"href":"https:\/\/laultimapalabra.com.mx\/portal\/wp-json\/wp\/v2\/posts\/37824\/revisions\/81046"}],"wp:featuredmedia":[{"embeddable":true,"href":"https:\/\/laultimapalabra.com.mx\/portal\/wp-json\/wp\/v2\/media\/37826"}],"wp:attachment":[{"href":"https:\/\/laultimapalabra.com.mx\/portal\/wp-json\/wp\/v2\/media?parent=37824"}],"wp:term":[{"taxonomy":"category","embeddable":true,"href":"https:\/\/laultimapalabra.com.mx\/portal\/wp-json\/wp\/v2\/categories?post=37824"},{"taxonomy":"post_tag","embeddable":true,"href":"https:\/\/laultimapalabra.com.mx\/portal\/wp-json\/wp\/v2\/tags?post=37824"}],"curies":[{"name":"wp","href":"https:\/\/api.w.org\/{rel}","templated":true}]}}