                       {"id":3784,"date":"2018-09-20T20:42:54","date_gmt":"2018-09-20T20:42:54","guid":{"rendered":"http:\/\/laultimapalabra.info\/?p=3784"},"modified":"2024-12-11T08:37:32","modified_gmt":"2024-12-11T14:37:32","slug":"a-scjn-impugnacion-de-guarnero-vs-amlo","status":"publish","type":"post","link":"https:\/\/laultimapalabra.com.mx\/portal\/a-scjn-impugnacion-de-guarnero-vs-amlo\/","title":{"rendered":"A SCJN Impugnaci\u00f3n de Guarnero vs AMLO"},"content":{"rendered":"<p style=\"text-align: justify;\">*Lo desechan en la Sala Superior, pero se dispara a la m\u00e1xima magistratura de justicia<\/p>\n<p style=\"text-align: justify;\"><img loading=\"lazy\" decoding=\"async\" class=\"size-medium wp-image-3785 alignleft\" src=\"https:\/\/laultimapalabra.com.mx\/portal\/wp-content\/uploads\/2018\/09\/1-10-217x300.jpg\" alt=\"\" width=\"217\" height=\"300\" \/>Miguel Oscar P\u00e9rez<br \/>\nCD. BENITO JU\u00c1REZ, N.L.-<br \/>\nDespu\u00e9s de ser desechada por la sala Superior del Tribunal Electoral del Poder Judicial de la Federaci\u00f3n, la impugnaci\u00f3n que Luz Mar\u00eda Flores Guarnero interpuso contra el presidente de la Rep\u00fablica, este fue atra\u00eddo a la Suprema Corte de Justicia de la Naci\u00f3n.<br \/>\nLa pol\u00edtica juarense luchaba por la representaci\u00f3n de los derechos de m\u00e1s de 50 millones de mujeres que no fueron tomadas en cuenta por los partidos pol\u00edticos en la selecci\u00f3n de candidatos para la Presidencia de la Rep\u00fablica.<br \/>\nFlores Guarnero buscaba ser candidata por el PRI, pero le fue impedida al advertir que ya se ten\u00eda candidato por el tricolor en la persona de Pepe Meade, dejando sin equidad de g\u00e9nero en la selecci\u00f3n de los candidatos por los partidos.<br \/>\nEn el acto reclamado, la parte actora demande se regrese el proces0o electoral hasta el estatus de precampa\u00f1a para dar oportunidad a la mujer de participar en la candidatura femenina a la presidencia de la rep\u00fablica.<br \/>\nLa impugnaci\u00f3n que lleg\u00f3 a la superior con el expediente SUP-JE-51\/2018, fue desechado de plano el viernes 14 de septiembre, pero fue turnado ante inconformidad ante la Suprema Corte de Justicia de la Naci\u00f3n, En el acuerdo firmado por los magistrados Janine Ot\u00e1lora Malassis, Felipe Alfredo Fuentes Barrera, Felipe de la Mata Piza\u00f1o, Indalfer Infante Gonz\u00e1les, Reyes Rodr\u00edguez Mondrag\u00f3n, M\u00f3nica Aral\u00ed Soto Fregoso y Jos\u00e9 Luis Vargas Valdez.<\/p>\n","protected":false},"excerpt":{"rendered":"<p>*Lo desechan en la Sala Superior, pero se dispara a la m\u00e1xima magistratura de justicia Miguel Oscar P\u00e9rez CD. BENITO JU\u00c1REZ, N.L.- Despu\u00e9s de ser desechada por la sala Superior del Tribunal Electoral del Poder Judicial de la Federaci\u00f3n, la impugnaci\u00f3n que Luz Mar\u00eda Flores Guarnero interpuso contra el presidente de la Rep\u00fablica, este fue [&hellip;]<\/p>\n","protected":false},"author":9,"featured_media":3785,"comment_status":"open","ping_status":"closed","sticky":false,"template":"","format":"standard","meta":{"footnotes":""},"categories":[18],"tags":[124,1463],"class_list":["post-3784","post","type-post","status-publish","format-standard","has-post-thumbnail","hentry","category-locales-juarez","tag-amlo","tag-luz-maria-flores-guarnero"],"_links":{"self":[{"href":"https:\/\/laultimapalabra.com.mx\/portal\/wp-json\/wp\/v2\/posts\/3784","targetHints":{"allow":["GET"]}}],"collection":[{"href":"https:\/\/laultimapalabra.com.mx\/portal\/wp-json\/wp\/v2\/posts"}],"about":[{"href":"https:\/\/laultimapalabra.com.mx\/portal\/wp-json\/wp\/v2\/types\/post"}],"author":[{"embeddable":true,"href":"https:\/\/laultimapalabra.com.mx\/portal\/wp-json\/wp\/v2\/users\/9"}],"replies":[{"embeddable":true,"href":"https:\/\/laultimapalabra.com.mx\/portal\/wp-json\/wp\/v2\/comments?post=3784"}],"version-history":[{"count":1,"href":"https:\/\/laultimapalabra.com.mx\/portal\/wp-json\/wp\/v2\/posts\/3784\/revisions"}],"predecessor-version":[{"id":65043,"href":"https:\/\/laultimapalabra.com.mx\/portal\/wp-json\/wp\/v2\/posts\/3784\/revisions\/65043"}],"wp:featuredmedia":[{"embeddable":true,"href":"https:\/\/laultimapalabra.com.mx\/portal\/wp-json\/"}],"wp:attachment":[{"href":"https:\/\/laultimapalabra.com.mx\/portal\/wp-json\/wp\/v2\/media?parent=3784"}],"wp:term":[{"taxonomy":"category","embeddable":true,"href":"https:\/\/laultimapalabra.com.mx\/portal\/wp-json\/wp\/v2\/categories?post=3784"},{"taxonomy":"post_tag","embeddable":true,"href":"https:\/\/laultimapalabra.com.mx\/portal\/wp-json\/wp\/v2\/tags?post=3784"}],"curies":[{"name":"wp","href":"https:\/\/api.w.org\/{rel}","templated":true}]}}