                       {"id":37972,"date":"2023-02-27T16:26:58","date_gmt":"2023-02-27T22:26:58","guid":{"rendered":"https:\/\/laultimapalabra.com.mx\/portal\/?p=37972"},"modified":"2024-12-11T10:40:33","modified_gmt":"2024-12-11T16:40:33","slug":"entrega-paco-trevino-obras-a-12-familias","status":"publish","type":"post","link":"https:\/\/laultimapalabra.com.mx\/portal\/entrega-paco-trevino-obras-a-12-familias\/","title":{"rendered":"Entrega Paco Trevi\u00f1o obras a 12 familias"},"content":{"rendered":"<p>Ju\u00e1rez,N.L.-Est\u00e1 tarde el alcalde de Ju\u00e1rez, Paco Trevi\u00f1o, se reuni\u00f3 con 12 familias de la comunidad ind\u00edgena quienes en agradecimiento le realizaron una comida por el apoyo del programa &#8220;Pie de casa&#8221;.<\/p>\n<p>El agradecimiento se hizo en la Colonia H\u00e9ctor Caballero en la calle Geranio, donde el Alcalde mencion\u00f3 que seguir\u00e1 realizando el programa en m\u00e1s colonias del municipio con apoyo del Gobierno Estatal.<\/p>\n<p>La gesti\u00f3n se realiz\u00f3 desde el mes de Junio del a\u00f1o pasado y en Diciembre les fueron otorgadas las viviendas en el municipio de Cadereyta en la Colonia Bella Vista primer sector.<\/p>\n","protected":false},"excerpt":{"rendered":"<p>Ju\u00e1rez,N.L.-Est\u00e1 tarde el alcalde de Ju\u00e1rez, Paco Trevi\u00f1o, se reuni\u00f3 con 12 familias de la comunidad ind\u00edgena quienes en agradecimiento le realizaron una comida por el apoyo del programa &#8220;Pie de casa&#8221;. El agradecimiento se hizo en la Colonia H\u00e9ctor Caballero en la calle Geranio, donde el Alcalde mencion\u00f3 que seguir\u00e1 realizando el programa en [&hellip;]<\/p>\n","protected":false},"author":9,"featured_media":37973,"comment_status":"closed","ping_status":"closed","sticky":false,"template":"","format":"standard","meta":{"footnotes":""},"categories":[18],"tags":[6243,4330,3590,1684,5859],"class_list":["post-37972","post","type-post","status-publish","format-standard","has-post-thumbnail","hentry","category-locales-juarez","tag-entrega-de-obras","tag-familias","tag-juarez-nl","tag-paco-trevino","tag-ultimas-noticias"],"_links":{"self":[{"href":"https:\/\/laultimapalabra.com.mx\/portal\/wp-json\/wp\/v2\/posts\/37972","targetHints":{"allow":["GET"]}}],"collection":[{"href":"https:\/\/laultimapalabra.com.mx\/portal\/wp-json\/wp\/v2\/posts"}],"about":[{"href":"https:\/\/laultimapalabra.com.mx\/portal\/wp-json\/wp\/v2\/types\/post"}],"author":[{"embeddable":true,"href":"https:\/\/laultimapalabra.com.mx\/portal\/wp-json\/wp\/v2\/users\/9"}],"replies":[{"embeddable":true,"href":"https:\/\/laultimapalabra.com.mx\/portal\/wp-json\/wp\/v2\/comments?post=37972"}],"version-history":[{"count":2,"href":"https:\/\/laultimapalabra.com.mx\/portal\/wp-json\/wp\/v2\/posts\/37972\/revisions"}],"predecessor-version":[{"id":80418,"href":"https:\/\/laultimapalabra.com.mx\/portal\/wp-json\/wp\/v2\/posts\/37972\/revisions\/80418"}],"wp:featuredmedia":[{"embeddable":true,"href":"https:\/\/laultimapalabra.com.mx\/portal\/wp-json\/wp\/v2\/media\/37973"}],"wp:attachment":[{"href":"https:\/\/laultimapalabra.com.mx\/portal\/wp-json\/wp\/v2\/media?parent=37972"}],"wp:term":[{"taxonomy":"category","embeddable":true,"href":"https:\/\/laultimapalabra.com.mx\/portal\/wp-json\/wp\/v2\/categories?post=37972"},{"taxonomy":"post_tag","embeddable":true,"href":"https:\/\/laultimapalabra.com.mx\/portal\/wp-json\/wp\/v2\/tags?post=37972"}],"curies":[{"name":"wp","href":"https:\/\/api.w.org\/{rel}","templated":true}]}}