                       {"id":37984,"date":"2023-02-28T09:54:50","date_gmt":"2023-02-28T15:54:50","guid":{"rendered":"https:\/\/laultimapalabra.com.mx\/portal\/?p=37984"},"modified":"2024-12-11T10:40:33","modified_gmt":"2024-12-11T16:40:33","slug":"confirma-amlo-llegada-de-tesla-a-nl","status":"publish","type":"post","link":"https:\/\/laultimapalabra.com.mx\/portal\/confirma-amlo-llegada-de-tesla-a-nl\/","title":{"rendered":"Confirma AMLO llegada de Tesla a NL\u00a0"},"content":{"rendered":"<p>CDMX.- El Presidente Andr\u00e9s Manuel L\u00f3pez Obrador confirm\u00f3 esta ma\u00f1ana la llegada de la empresa Tesla a Nuevo Le\u00f3n.<\/p>\n<p>En su conferencia ma\u00f1anera dijo sentirse conforme, pues esto generar\u00e1 mas empleos y traer\u00e1 una fuerte inversi\u00f3n al pais.<\/p>\n<p>Mencion\u00f3 que los detalles ser\u00e1n dados a conocer ma\u00f1ana por los directivos de la empresa y reiter\u00f3 que dentro de los acuerdos se encuentra el que solamente har\u00e1n uso de agua reciclada en todo su proceso.<\/p>\n","protected":false},"excerpt":{"rendered":"<p>CDMX.- El Presidente Andr\u00e9s Manuel L\u00f3pez Obrador confirm\u00f3 esta ma\u00f1ana la llegada de la empresa Tesla a Nuevo Le\u00f3n. En su conferencia ma\u00f1anera dijo sentirse conforme, pues esto generar\u00e1 mas empleos y traer\u00e1 una fuerte inversi\u00f3n al pais. Mencion\u00f3 que los detalles ser\u00e1n dados a conocer ma\u00f1ana por los directivos de la empresa y reiter\u00f3 [&hellip;]<\/p>\n","protected":false},"author":9,"featured_media":37985,"comment_status":"closed","ping_status":"closed","sticky":false,"template":"","format":"standard","meta":{"footnotes":""},"categories":[19],"tags":[124,6246,5859],"class_list":["post-37984","post","type-post","status-publish","format-standard","has-post-thumbnail","hentry","category-nacional","tag-amlo","tag-confirma-llegada-de-tesla","tag-ultimas-noticias"],"_links":{"self":[{"href":"https:\/\/laultimapalabra.com.mx\/portal\/wp-json\/wp\/v2\/posts\/37984","targetHints":{"allow":["GET"]}}],"collection":[{"href":"https:\/\/laultimapalabra.com.mx\/portal\/wp-json\/wp\/v2\/posts"}],"about":[{"href":"https:\/\/laultimapalabra.com.mx\/portal\/wp-json\/wp\/v2\/types\/post"}],"author":[{"embeddable":true,"href":"https:\/\/laultimapalabra.com.mx\/portal\/wp-json\/wp\/v2\/users\/9"}],"replies":[{"embeddable":true,"href":"https:\/\/laultimapalabra.com.mx\/portal\/wp-json\/wp\/v2\/comments?post=37984"}],"version-history":[{"count":2,"href":"https:\/\/laultimapalabra.com.mx\/portal\/wp-json\/wp\/v2\/posts\/37984\/revisions"}],"predecessor-version":[{"id":80409,"href":"https:\/\/laultimapalabra.com.mx\/portal\/wp-json\/wp\/v2\/posts\/37984\/revisions\/80409"}],"wp:featuredmedia":[{"embeddable":true,"href":"https:\/\/laultimapalabra.com.mx\/portal\/wp-json\/wp\/v2\/media\/37985"}],"wp:attachment":[{"href":"https:\/\/laultimapalabra.com.mx\/portal\/wp-json\/wp\/v2\/media?parent=37984"}],"wp:term":[{"taxonomy":"category","embeddable":true,"href":"https:\/\/laultimapalabra.com.mx\/portal\/wp-json\/wp\/v2\/categories?post=37984"},{"taxonomy":"post_tag","embeddable":true,"href":"https:\/\/laultimapalabra.com.mx\/portal\/wp-json\/wp\/v2\/tags?post=37984"}],"curies":[{"name":"wp","href":"https:\/\/api.w.org\/{rel}","templated":true}]}}