                       {"id":37998,"date":"2023-02-28T15:18:39","date_gmt":"2023-02-28T21:18:39","guid":{"rendered":"https:\/\/laultimapalabra.com.mx\/portal\/?p=37998"},"modified":"2024-12-11T10:40:32","modified_gmt":"2024-12-11T16:40:32","slug":"pronostican-temperaturas-de-hasta-40-grados-esta-semana","status":"publish","type":"post","link":"https:\/\/laultimapalabra.com.mx\/portal\/pronostican-temperaturas-de-hasta-40-grados-esta-semana\/","title":{"rendered":"Pronostican temperaturas de hasta 40 grados esta semana"},"content":{"rendered":"<p>Monterrey, N.L.- Temperaturas de hasta 40 grados cent\u00edgrados o m\u00e1s son las temperaturas que se esperan para esta semana en la ciudad, as\u00ed lo indica el pron\u00f3stico para el \u00e1rea metropolitana presentado por Protecci\u00f3n Civil de Nuevo Le\u00f3n.<\/p>\n<p>El pron\u00f3stico para los d\u00edas m\u00e1s calurosos se tiene para el mi\u00e9rcoles y el jueves, con una m\u00e1xima de 41 y 40 grados respectivamente. Mientras que en estos mismos d\u00edas de la semana se esperan m\u00ednimas de 20 y 23 grados.<\/p>\n<p>Para el martes se espera una m\u00ednima de 20 grados y una m\u00e1xima de 34, mientras que el viernes por la ma\u00f1ana bajar\u00eda la temperatura hasta los 12 grados y posteriormente subir\u00eda a 23 grados.<\/p>\n<p>El reporte se\u00f1al\u00f3 que los d\u00edas de la semana estar\u00edan presentando un ambiente muy seco.<\/p>\n<p>Protecci\u00f3n Civil tambi\u00e9n comparti\u00f3 el pronostico para las dem\u00e1s regiones del Estado, en las zonas norte, citr\u00edcola, y oriente, se espera una m\u00ednima de entre los 14 y 17 grados y una m\u00e1xima de entre los 31a los 34.<\/p>\n<p>Contrario a dichas regiones, en la zona monta\u00f1osa y sur se esperan temperaturas fr\u00edas por la ma\u00f1ana con m\u00ednimas de entre 3 a 12 grados y temperaturas m\u00e1ximas como las dem\u00e1s regiones del Estado, las cuales podr\u00edan ir de entre los 27 a 32 grados.<\/p>\n<p>FUENTE: INFO7<\/p>\n","protected":false},"excerpt":{"rendered":"<p>Monterrey, N.L.- Temperaturas de hasta 40 grados cent\u00edgrados o m\u00e1s son las temperaturas que se esperan para esta semana en la ciudad, as\u00ed lo indica el pron\u00f3stico para el \u00e1rea metropolitana presentado por Protecci\u00f3n Civil de Nuevo Le\u00f3n. El pron\u00f3stico para los d\u00edas m\u00e1s calurosos se tiene para el mi\u00e9rcoles y el jueves, con una [&hellip;]<\/p>\n","protected":false},"author":9,"featured_media":37999,"comment_status":"closed","ping_status":"closed","sticky":false,"template":"","format":"standard","meta":{"footnotes":""},"categories":[15],"tags":[6254,577,5113,5859],"class_list":["post-37998","post","type-post","status-publish","format-standard","has-post-thumbnail","hentry","category-estado","tag-40grados","tag-clima","tag-nuevoleon","tag-ultimas-noticias"],"_links":{"self":[{"href":"https:\/\/laultimapalabra.com.mx\/portal\/wp-json\/wp\/v2\/posts\/37998","targetHints":{"allow":["GET"]}}],"collection":[{"href":"https:\/\/laultimapalabra.com.mx\/portal\/wp-json\/wp\/v2\/posts"}],"about":[{"href":"https:\/\/laultimapalabra.com.mx\/portal\/wp-json\/wp\/v2\/types\/post"}],"author":[{"embeddable":true,"href":"https:\/\/laultimapalabra.com.mx\/portal\/wp-json\/wp\/v2\/users\/9"}],"replies":[{"embeddable":true,"href":"https:\/\/laultimapalabra.com.mx\/portal\/wp-json\/wp\/v2\/comments?post=37998"}],"version-history":[{"count":2,"href":"https:\/\/laultimapalabra.com.mx\/portal\/wp-json\/wp\/v2\/posts\/37998\/revisions"}],"predecessor-version":[{"id":80385,"href":"https:\/\/laultimapalabra.com.mx\/portal\/wp-json\/wp\/v2\/posts\/37998\/revisions\/80385"}],"wp:featuredmedia":[{"embeddable":true,"href":"https:\/\/laultimapalabra.com.mx\/portal\/wp-json\/wp\/v2\/media\/37999"}],"wp:attachment":[{"href":"https:\/\/laultimapalabra.com.mx\/portal\/wp-json\/wp\/v2\/media?parent=37998"}],"wp:term":[{"taxonomy":"category","embeddable":true,"href":"https:\/\/laultimapalabra.com.mx\/portal\/wp-json\/wp\/v2\/categories?post=37998"},{"taxonomy":"post_tag","embeddable":true,"href":"https:\/\/laultimapalabra.com.mx\/portal\/wp-json\/wp\/v2\/tags?post=37998"}],"curies":[{"name":"wp","href":"https:\/\/api.w.org\/{rel}","templated":true}]}}