                       {"id":38008,"date":"2023-02-28T15:38:01","date_gmt":"2023-02-28T21:38:01","guid":{"rendered":"https:\/\/laultimapalabra.com.mx\/portal\/?p=38008"},"modified":"2024-12-11T10:41:33","modified_gmt":"2024-12-11T16:41:33","slug":"realiza-dif-de-juarez-bodas-colectivas-para-158-parejas","status":"publish","type":"post","link":"https:\/\/laultimapalabra.com.mx\/portal\/realiza-dif-de-juarez-bodas-colectivas-para-158-parejas\/","title":{"rendered":"Realiza DIF de Ju\u00e1rez bodas colectivas para 158 parejas"},"content":{"rendered":"<p>Ju\u00e1rez, N.L.- Un total de 158 felices parejas recibieron su acta de matrimonio de parte del alcalde de Ju\u00e1rez, Paco Trevi\u00f1o y de la presidenta del DIF, Adriana de la Garza de Trevi\u00f1o, en un emotivo evento de bodas colectivas.<\/p>\n<p>En la uni\u00f3n oficial de los nuevos matrimonios intervino la directora jur\u00eddica del DIF, la licenciada Ariana Enr\u00edquez Hern\u00e1ndez; la directora del DIF, Mar\u00eda Luisa Sauceda y el juez civil , Julio Vargas, adem\u00e1s de las dos oficial\u00edas de Ju\u00e1rez, participaron tambi\u00e9n las de Cadereyta.<\/p>\n<p>&nbsp;<\/p>\n<p>&nbsp;<\/p>\n<p>&nbsp;<\/p>\n<p><img loading=\"lazy\" decoding=\"async\" class=\"alignnone size-medium wp-image-38010\" src=\"https:\/\/laultimapalabra.com.mx\/portal\/wp-content\/uploads\/2023\/02\/IMG-20230228-WA0049-300x200.jpg\" alt=\"\" width=\"300\" height=\"200\" srcset=\"https:\/\/laultimapalabra.com.mx\/portal\/wp-content\/uploads\/2023\/02\/IMG-20230228-WA0049-300x200.jpg 300w, https:\/\/laultimapalabra.com.mx\/portal\/wp-content\/uploads\/2023\/02\/IMG-20230228-WA0049-1024x683.jpg 1024w, https:\/\/laultimapalabra.com.mx\/portal\/wp-content\/uploads\/2023\/02\/IMG-20230228-WA0049-768x512.jpg 768w, https:\/\/laultimapalabra.com.mx\/portal\/wp-content\/uploads\/2023\/02\/IMG-20230228-WA0049.jpg 1080w\" sizes=\"auto, (max-width: 300px) 100vw, 300px\" \/><\/p>\n<p>Los novios fueron agasajados con un banquete, pastel y baile en el auditorio municipal y se tomaron la foto con los padrinos de boda, Paco Trevi\u00f1o y Adriana de la Garza de Trevi\u00f1o.<\/p>\n","protected":false},"excerpt":{"rendered":"<p>Ju\u00e1rez, N.L.- Un total de 158 felices parejas recibieron su acta de matrimonio de parte del alcalde de Ju\u00e1rez, Paco Trevi\u00f1o y de la presidenta del DIF, Adriana de la Garza de Trevi\u00f1o, en un emotivo evento de bodas colectivas. En la uni\u00f3n oficial de los nuevos matrimonios intervino la directora jur\u00eddica del DIF, la [&hellip;]<\/p>\n","protected":false},"author":9,"featured_media":38009,"comment_status":"closed","ping_status":"closed","sticky":false,"template":"","format":"standard","meta":{"footnotes":""},"categories":[18],"tags":[310,3590,5859],"class_list":["post-38008","post","type-post","status-publish","format-standard","has-post-thumbnail","hentry","category-locales-juarez","tag-bodas-colectivas","tag-juarez-nl","tag-ultimas-noticias"],"_links":{"self":[{"href":"https:\/\/laultimapalabra.com.mx\/portal\/wp-json\/wp\/v2\/posts\/38008","targetHints":{"allow":["GET"]}}],"collection":[{"href":"https:\/\/laultimapalabra.com.mx\/portal\/wp-json\/wp\/v2\/posts"}],"about":[{"href":"https:\/\/laultimapalabra.com.mx\/portal\/wp-json\/wp\/v2\/types\/post"}],"author":[{"embeddable":true,"href":"https:\/\/laultimapalabra.com.mx\/portal\/wp-json\/wp\/v2\/users\/9"}],"replies":[{"embeddable":true,"href":"https:\/\/laultimapalabra.com.mx\/portal\/wp-json\/wp\/v2\/comments?post=38008"}],"version-history":[{"count":2,"href":"https:\/\/laultimapalabra.com.mx\/portal\/wp-json\/wp\/v2\/posts\/38008\/revisions"}],"predecessor-version":[{"id":81124,"href":"https:\/\/laultimapalabra.com.mx\/portal\/wp-json\/wp\/v2\/posts\/38008\/revisions\/81124"}],"wp:featuredmedia":[{"embeddable":true,"href":"https:\/\/laultimapalabra.com.mx\/portal\/wp-json\/wp\/v2\/media\/38009"}],"wp:attachment":[{"href":"https:\/\/laultimapalabra.com.mx\/portal\/wp-json\/wp\/v2\/media?parent=38008"}],"wp:term":[{"taxonomy":"category","embeddable":true,"href":"https:\/\/laultimapalabra.com.mx\/portal\/wp-json\/wp\/v2\/categories?post=38008"},{"taxonomy":"post_tag","embeddable":true,"href":"https:\/\/laultimapalabra.com.mx\/portal\/wp-json\/wp\/v2\/tags?post=38008"}],"curies":[{"name":"wp","href":"https:\/\/api.w.org\/{rel}","templated":true}]}}