                       {"id":38025,"date":"2023-02-28T17:08:39","date_gmt":"2023-02-28T23:08:39","guid":{"rendered":"https:\/\/laultimapalabra.com.mx\/portal\/?p=38025"},"modified":"2024-12-11T10:41:34","modified_gmt":"2024-12-11T16:41:34","slug":"despues-de-cuatro-anos-sufre-kinder-sin-electricidad","status":"publish","type":"post","link":"https:\/\/laultimapalabra.com.mx\/portal\/despues-de-cuatro-anos-sufre-kinder-sin-electricidad\/","title":{"rendered":"Despu\u00e9s de cuatro a\u00f1os, sufre k\u00ednder sin electricidad"},"content":{"rendered":"<p>Ju\u00e1rez, N.L.- Madres de familia del Jardin de Ni\u00f1os Guadalupe Amor de la colonia Bosques del Seminario en el municipio de Ju\u00e1rez, se quejaron ante este medio de comunicacion de que ya saldr\u00e1 la segunda generaci\u00f3n de estudiantes esta institurion y desde que se inaugur\u00f3, nunva han tenido electricidad.<\/p>\n<p>Esto a pesar de que cuenta con todo lo necesario para instalar el servicio, as\u00edmismo comentaron que ya han hecho muchas peticiones a la Secretat\u00eda de Educaci\u00f3n pero han hecho caso omiso al respecto.<\/p>\n<p>Por otra parte, tambien denunciaron que el municipio ya entreg\u00f3 un terreno para una primaria, pues carecen de ella y los estudiantes tienen que irse a planteles muy alejados de ah\u00ed; sin embargo, la SE no ha tomado cartas en el asunto, y a\u00fan teniendo el terreno para dicho fin, nada se ha avanzado al respecto.<\/p>\n","protected":false},"excerpt":{"rendered":"<p>Ju\u00e1rez, N.L.- Madres de familia del Jardin de Ni\u00f1os Guadalupe Amor de la colonia Bosques del Seminario en el municipio de Ju\u00e1rez, se quejaron ante este medio de comunicacion de que ya saldr\u00e1 la segunda generaci\u00f3n de estudiantes esta institurion y desde que se inaugur\u00f3, nunva han tenido electricidad. Esto a pesar de que cuenta [&hellip;]<\/p>\n","protected":false},"author":9,"featured_media":38027,"comment_status":"closed","ping_status":"closed","sticky":false,"template":"","format":"standard","meta":{"footnotes":""},"categories":[1],"tags":[3590,6260,5859],"class_list":["post-38025","post","type-post","status-publish","format-standard","has-post-thumbnail","hentry","category-noticias","tag-juarez-nl","tag-kinder-sin-electricidad","tag-ultimas-noticias"],"_links":{"self":[{"href":"https:\/\/laultimapalabra.com.mx\/portal\/wp-json\/wp\/v2\/posts\/38025","targetHints":{"allow":["GET"]}}],"collection":[{"href":"https:\/\/laultimapalabra.com.mx\/portal\/wp-json\/wp\/v2\/posts"}],"about":[{"href":"https:\/\/laultimapalabra.com.mx\/portal\/wp-json\/wp\/v2\/types\/post"}],"author":[{"embeddable":true,"href":"https:\/\/laultimapalabra.com.mx\/portal\/wp-json\/wp\/v2\/users\/9"}],"replies":[{"embeddable":true,"href":"https:\/\/laultimapalabra.com.mx\/portal\/wp-json\/wp\/v2\/comments?post=38025"}],"version-history":[{"count":2,"href":"https:\/\/laultimapalabra.com.mx\/portal\/wp-json\/wp\/v2\/posts\/38025\/revisions"}],"predecessor-version":[{"id":81134,"href":"https:\/\/laultimapalabra.com.mx\/portal\/wp-json\/wp\/v2\/posts\/38025\/revisions\/81134"}],"wp:featuredmedia":[{"embeddable":true,"href":"https:\/\/laultimapalabra.com.mx\/portal\/wp-json\/wp\/v2\/media\/38027"}],"wp:attachment":[{"href":"https:\/\/laultimapalabra.com.mx\/portal\/wp-json\/wp\/v2\/media?parent=38025"}],"wp:term":[{"taxonomy":"category","embeddable":true,"href":"https:\/\/laultimapalabra.com.mx\/portal\/wp-json\/wp\/v2\/categories?post=38025"},{"taxonomy":"post_tag","embeddable":true,"href":"https:\/\/laultimapalabra.com.mx\/portal\/wp-json\/wp\/v2\/tags?post=38025"}],"curies":[{"name":"wp","href":"https:\/\/api.w.org\/{rel}","templated":true}]}}