                       {"id":38047,"date":"2023-03-01T13:40:20","date_gmt":"2023-03-01T19:40:20","guid":{"rendered":"https:\/\/laultimapalabra.com.mx\/portal\/?p=38047"},"modified":"2024-12-11T10:41:34","modified_gmt":"2024-12-11T16:41:34","slug":"poder-judicial-esta-infectado-de-corrupcion-lopez-obrador","status":"publish","type":"post","link":"https:\/\/laultimapalabra.com.mx\/portal\/poder-judicial-esta-infectado-de-corrupcion-lopez-obrador\/","title":{"rendered":"Poder Judicial est\u00e1 &#8220;infectado de corrupci\u00f3n&#8221;: L\u00f3pez Obrador"},"content":{"rendered":"<p>CDMX.- Al condenar la resoluci\u00f3n favorable de un juzgado al ex gobernador de Tamaulipas, Francisco Garc\u00eda Cabeza de Vaca, el presidente Andr\u00e9s Manuel L\u00f3pez Obrador consider\u00f3 que el Poder Judicial est\u00e1 \u201cinfectado, plagado de corrupci\u00f3n\u201d. Afirm\u00f3 que el Poder Judicial se fue construyendo \u201cpara proteger a corruptos y a las \u00e9lite del poder econ\u00f3mico y poder pol\u00edtico del pa\u00eds por eso esos amparos constantes.<\/p>\n<p>Durante su conferencia, se refiri\u00f3 a la ministra presidenta de la Suprema Corte de Justicia de la Naci\u00f3n (Norma Pi\u00f1a), subrayando que desde su llegada se ha reducido la vigilancia que hab\u00eda bajo la gesti\u00f3n del ex ministro presidente, Arturo Zald\u00edvar. \u201cApenas lleg\u00f3 la nueva presidenta y se desat\u00f3 una ola de resoluciones a favor de presuntos delincuentes\u201d.<\/p>\n<p>Se\u00f1al\u00f3 que en cuanto tom\u00f3 posesi\u00f3n, la ministra presidenta, en un \u201cformalismo extremo, como si fuesen omn\u00edmodos , de que son aut\u00f3nomos, que pueden hacer lo que quieran\u201d. Cuestion\u00f3 el papel del Consejo de la Judicatura que est\u00e1 convertido en un florero, un adorno porque no realiza su funci\u00f3n de vigilar el recto proceder de los jueces, magistrados y ministros.<\/p>\n<p>Cit\u00f3 el caso m\u00e1s extremo cuando se estaba confirmando la responsabilidad del ex Secretario de Seguridad P\u00fablica, Genaro Garc\u00eda Luna, en Estados Unidos, en M\u00e9xico se estaban descongelando las cuentas a su esposa por una decisi\u00f3n del Poder Judicial. Ojal\u00e1, dijo, se aplique el Poder Judicial porque es un asunto grave, \u201cno es intervenir en otro poder, es no callar ante la injusticia y la corrupci\u00f3n.<\/p>\n<p>\u2014La Fiscal\u00eda General de la Rep\u00fablica dijo que interpondr\u00eda una queja, \u00bfusted estar\u00eda de acuerdo?<\/p>\n<p>S\u00ed, si el Poder Judicial no act\u00faa y hay pruebas de que hubo influyentismo y corrupci\u00f3n hay que presentar denuncias si no act\u00faa el Poder Judicial porque no gozan de privilegios. Ni modo que tengan impunidad. Todos los servidores p\u00fablicos est\u00e1n sujetos al escrutinio p\u00fablico y actuar de conformidad de Constituci\u00f3n y las leyes.<\/p>\n<p>FUENTE: LA JORNADA<\/p>\n","protected":false},"excerpt":{"rendered":"<p>CDMX.- Al condenar la resoluci\u00f3n favorable de un juzgado al ex gobernador de Tamaulipas, Francisco Garc\u00eda Cabeza de Vaca, el presidente Andr\u00e9s Manuel L\u00f3pez Obrador consider\u00f3 que el Poder Judicial est\u00e1 \u201cinfectado, plagado de corrupci\u00f3n\u201d. Afirm\u00f3 que el Poder Judicial se fue construyendo \u201cpara proteger a corruptos y a las \u00e9lite del poder econ\u00f3mico y [&hellip;]<\/p>\n","protected":false},"author":9,"featured_media":38048,"comment_status":"closed","ping_status":"closed","sticky":false,"template":"","format":"standard","meta":{"footnotes":""},"categories":[19],"tags":[124,6272,6270,6274,6271,6273,2085,5859],"class_list":["post-38047","post","type-post","status-publish","format-standard","has-post-thumbnail","hentry","category-nacional","tag-amlo","tag-cabezadevaca","tag-influyentismo","tag-juancollado","tag-liberandelincuentes","tag-rosariorobles","tag-scjn","tag-ultimas-noticias"],"_links":{"self":[{"href":"https:\/\/laultimapalabra.com.mx\/portal\/wp-json\/wp\/v2\/posts\/38047","targetHints":{"allow":["GET"]}}],"collection":[{"href":"https:\/\/laultimapalabra.com.mx\/portal\/wp-json\/wp\/v2\/posts"}],"about":[{"href":"https:\/\/laultimapalabra.com.mx\/portal\/wp-json\/wp\/v2\/types\/post"}],"author":[{"embeddable":true,"href":"https:\/\/laultimapalabra.com.mx\/portal\/wp-json\/wp\/v2\/users\/9"}],"replies":[{"embeddable":true,"href":"https:\/\/laultimapalabra.com.mx\/portal\/wp-json\/wp\/v2\/comments?post=38047"}],"version-history":[{"count":2,"href":"https:\/\/laultimapalabra.com.mx\/portal\/wp-json\/wp\/v2\/posts\/38047\/revisions"}],"predecessor-version":[{"id":81146,"href":"https:\/\/laultimapalabra.com.mx\/portal\/wp-json\/wp\/v2\/posts\/38047\/revisions\/81146"}],"wp:featuredmedia":[{"embeddable":true,"href":"https:\/\/laultimapalabra.com.mx\/portal\/wp-json\/wp\/v2\/media\/38048"}],"wp:attachment":[{"href":"https:\/\/laultimapalabra.com.mx\/portal\/wp-json\/wp\/v2\/media?parent=38047"}],"wp:term":[{"taxonomy":"category","embeddable":true,"href":"https:\/\/laultimapalabra.com.mx\/portal\/wp-json\/wp\/v2\/categories?post=38047"},{"taxonomy":"post_tag","embeddable":true,"href":"https:\/\/laultimapalabra.com.mx\/portal\/wp-json\/wp\/v2\/tags?post=38047"}],"curies":[{"name":"wp","href":"https:\/\/api.w.org\/{rel}","templated":true}]}}