                       {"id":3805,"date":"2018-09-26T15:52:42","date_gmt":"2018-09-26T15:52:42","guid":{"rendered":"http:\/\/laultimapalabra.info\/?p=3805"},"modified":"2024-12-11T08:37:32","modified_gmt":"2024-12-11T14:37:32","slug":"se-reune-amlo-con-padres-de-los-43","status":"publish","type":"post","link":"https:\/\/laultimapalabra.com.mx\/portal\/se-reune-amlo-con-padres-de-los-43\/","title":{"rendered":"Se re\u00fane AMLO con padres de los 43"},"content":{"rendered":"<p style=\"text-align: justify;\"><img loading=\"lazy\" decoding=\"async\" class=\"size-medium wp-image-3806 alignleft\" src=\"https:\/\/laultimapalabra.com.mx\/portal\/wp-content\/uploads\/2018\/09\/4204266-300x200.jpg\" alt=\"\" width=\"300\" height=\"200\" \/>CD. De M\u00e9xico.- El Presidente electo Andr\u00e9s Manuel L\u00f3pez Obrador se re\u00fane esta ma\u00f1ana con los padres de los 43 normalistas de Ayotzinapa, a cuatro a\u00f1os de su desaparici\u00f3n.<\/p>\n<p style=\"text-align: justify;\">Los padres llegaron al Museo Memoria y Tolerancia desde antes de las 8:00 horas e ingresaron al inmueble 20 minutos despu\u00e9s, aunque el encuentro inici\u00f3 alrededor de las 10:00 horas.<\/p>\n<p style=\"text-align: justify;\">En el lugar, los padres celebraron una ceremonia religiosa, sin la participaci\u00f3n de L\u00f3pez Obrador o alguien m\u00e1s de su equipo, la cual en los aniversarios anteriores era realizada en las instalaciones del Centro Prodh, una de las organizaciones que los acompa\u00f1a.<\/p>\n<p style=\"text-align: justify;\">&#8220;Queremos ver cu\u00e1l va a ser su trabajo en la lucha que tenemos, queremos ver su punto de vista, a ver qu\u00e9 nos dice (Andr\u00e9s Manuel L\u00f3pez Obrador)&#8221;, coment\u00f3 Epifanio \u00c1lvarez, padre Jorge \u00c1lvarez, previo a que ingresara al Museo.<\/p>\n<p style=\"text-align: justify;\">&#8220;Esperemos que est\u00e9 en disposici\u00f3n de la investigaci\u00f3n, que es lo que queremos&#8221;.<\/p>\n<p style=\"text-align: justify;\">Seg\u00fan los representantes de los padres, en el encuentro con L\u00f3pez Obrador le plantear\u00e1n acciones que podr\u00eda tomar en sus primeros 100 d\u00edas de Gobierno para mostrar una voluntad diferente que la del Mandatario saliente Enrique Pe\u00f1a Nieto.<\/p>\n<p style=\"text-align: justify;\">Tambi\u00e9n est\u00e1 previsto que se reitere el anuncio de la creaci\u00f3n de una comisi\u00f3n especial para el caso en la pr\u00f3xima Administraci\u00f3n federal.<\/p>\n<p style=\"text-align: justify;\">Afuera del Museo, alumnos de escuelas rurales y normalistas portan pancartas con mensajes como &#8220;4 a\u00f1os de desaparici\u00f3n, de mentiras, de impunidad. \u00a143 con vida!&#8221;.<\/p>\n<p style=\"text-align: justify;\">fuente: EL NORTE<\/p>\n","protected":false},"excerpt":{"rendered":"<p>CD. De M\u00e9xico.- El Presidente electo Andr\u00e9s Manuel L\u00f3pez Obrador se re\u00fane esta ma\u00f1ana con los padres de los 43 normalistas de Ayotzinapa, a cuatro a\u00f1os de su desaparici\u00f3n. Los padres llegaron al Museo Memoria y Tolerancia desde antes de las 8:00 horas e ingresaron al inmueble 20 minutos despu\u00e9s, aunque el encuentro inici\u00f3 alrededor [&hellip;]<\/p>\n","protected":false},"author":9,"featured_media":3806,"comment_status":"open","ping_status":"closed","sticky":false,"template":"","format":"standard","meta":{"footnotes":""},"categories":[19],"tags":[124,253],"class_list":["post-3805","post","type-post","status-publish","format-standard","has-post-thumbnail","hentry","category-nacional","tag-amlo","tag-ayotzinapan"],"_links":{"self":[{"href":"https:\/\/laultimapalabra.com.mx\/portal\/wp-json\/wp\/v2\/posts\/3805","targetHints":{"allow":["GET"]}}],"collection":[{"href":"https:\/\/laultimapalabra.com.mx\/portal\/wp-json\/wp\/v2\/posts"}],"about":[{"href":"https:\/\/laultimapalabra.com.mx\/portal\/wp-json\/wp\/v2\/types\/post"}],"author":[{"embeddable":true,"href":"https:\/\/laultimapalabra.com.mx\/portal\/wp-json\/wp\/v2\/users\/9"}],"replies":[{"embeddable":true,"href":"https:\/\/laultimapalabra.com.mx\/portal\/wp-json\/wp\/v2\/comments?post=3805"}],"version-history":[{"count":1,"href":"https:\/\/laultimapalabra.com.mx\/portal\/wp-json\/wp\/v2\/posts\/3805\/revisions"}],"predecessor-version":[{"id":65053,"href":"https:\/\/laultimapalabra.com.mx\/portal\/wp-json\/wp\/v2\/posts\/3805\/revisions\/65053"}],"wp:featuredmedia":[{"embeddable":true,"href":"https:\/\/laultimapalabra.com.mx\/portal\/wp-json\/"}],"wp:attachment":[{"href":"https:\/\/laultimapalabra.com.mx\/portal\/wp-json\/wp\/v2\/media?parent=3805"}],"wp:term":[{"taxonomy":"category","embeddable":true,"href":"https:\/\/laultimapalabra.com.mx\/portal\/wp-json\/wp\/v2\/categories?post=3805"},{"taxonomy":"post_tag","embeddable":true,"href":"https:\/\/laultimapalabra.com.mx\/portal\/wp-json\/wp\/v2\/tags?post=3805"}],"curies":[{"name":"wp","href":"https:\/\/api.w.org\/{rel}","templated":true}]}}