                       {"id":38109,"date":"2023-03-02T14:56:15","date_gmt":"2023-03-02T20:56:15","guid":{"rendered":"https:\/\/laultimapalabra.com.mx\/portal\/?p=38109"},"modified":"2024-12-11T10:41:35","modified_gmt":"2024-12-11T16:41:35","slug":"comite-legislativo-vota-a-favor-de-facultar-a-biden-para-prohibir-tik-tok","status":"publish","type":"post","link":"https:\/\/laultimapalabra.com.mx\/portal\/comite-legislativo-vota-a-favor-de-facultar-a-biden-para-prohibir-tik-tok\/","title":{"rendered":"Comit\u00e9 legislativo vota a favor de facultar a Biden para prohibir Tik Tok"},"content":{"rendered":"<p>Washington.- El Comit\u00e9 de Relaciones Exteriores de la C\u00e1mara de Representantes de Estados Unidos vot\u00f3 ayer a favor de otorgar al presidente Joe Biden el poder de prohibir la aplicaci\u00f3n de redes sociales de propiedad china TikTok, as\u00ed como otras similares.<\/p>\n<p>Los legisladores votaron 24 a favor y 16 en contra de la medida, patrocinada por el presidente republicano de la comisi\u00f3n, Michael McCaul, que otorga al gobierno nuevos poderes para prohibir la aplicaci\u00f3n, propiedad de ByteDance y utilizada por m\u00e1s de 100 millones de estadunidenses. Los dem\u00f3cratas del comit\u00e9 se opusieron al proyecto.<\/p>\n<p>El destino de la medida es a\u00fan incierto y tendr\u00eda que ser aprobada por el pleno de la C\u00e1mara y el Senado antes de que pueda pasar a Biden.<\/p>\n<p>En Estrasburgo, el Parlamento Europeo orden\u00f3 a todo su personal eliminar la plataforma de video de sus dispositivos de trabajo, una medida que la semana pasada ya adoptaron otras instituciones de la Uni\u00f3n Europea (UE).<\/p>\n<p>La presidenta del Europarlamento, Roberta Metsola, y el secretario general, Alessandro Chiocchetti, decidieron que TikTok no debe usarse ni permanecer instalado en dispositivos del personal como tel\u00e9fonos m\u00f3viles, tabletas o computadoras port\u00e1tiles del 20 de marzo en adelante.<\/p>\n<p>\u201cA partir de esa fecha, el acceso web a TikTok a trav\u00e9s de nuestra red corporativa [&#8230;] tambi\u00e9n estar\u00e1 bloqueado\u201d, anunci\u00f3 la Direcci\u00f3n General de Innovaci\u00f3n y Apoyo Tecnol\u00f3gico del Parlamento en una nota transmitida a alrededor de 8 mil empleados de la instituci\u00f3n.<\/p>\n<p>Tambi\u00e9n \u201crecomend\u00f3 enf\u00e1ticamente\u201d a los eurodiputados y a su personal eliminar TikTok de sus dispositivos personales.<\/p>\n<p>La Comisi\u00f3n Europea, brazo ejecutivo del bloque, y el Consejo Europeo, que representa a 27 estados miembros de la UE, ordenaron una prohibici\u00f3n similar el jueves pasado por razones de ciberseguridad.<\/p>\n<p>La empresa matriz de TikTok, la firma china ByteDance, es objeto de estricta vigilancia en pa\u00edses occidentales por las sospechas de que las autoridades de China podr\u00edan tener acceso a los datos de los usuarios.<\/p>\n<p>En 2022, Estados Unidos prohibi\u00f3 la aplicaci\u00f3n en los dispositivos del gobierno federal, y algunos legisladores estadunidenses est\u00e1n tratando de prohibir que TikTok opere en todo el pa\u00eds.<\/p>\n<p>En noviembre, TikTok admiti\u00f3 que parte del personal en China pod\u00eda acceder a los datos de los usuarios europeos. Sin embargo, la empresa asegura que est\u00e1 actuando para ajustarse a las r\u00edgidas normas de funcionamiento de los gigantes digitales en el espacio de la UE.<\/p>\n<p>El jueves, cuando la Comisi\u00f3n y el Consejo Europeos anunciaron su veto a TikTok, la compa\u00f1\u00eda lament\u00f3 lo que consider\u00f3 una decisi\u00f3n \u201cequivocada\u201d.<\/p>\n<p>Por otra parte, TikTok anunci\u00f3 ayer que los menores de edad tendr\u00e1n una preferencia est\u00e1ndar de uso de s\u00f3lo 60 minutos al d\u00eda, en medio de preocupaciones sobre la seguridad de la app.<\/p>\n<p>Cormac Keenan, jefe de confiabilidad y seguridad de TikTok, dijo en un blog que al pasar los 60 minutos el menor recibir\u00e1 un mensaje para registrar una contrase\u00f1a y as\u00ed tomar \u201cla decisi\u00f3n activa\u201d de seguir usando la app de videos. Para los menores de 13 a\u00f1os, un padre o tutor deber\u00e1 ingresar una contrase\u00f1a para que el menor tenga otros 30 minutos de uso.<\/p>\n<p>FUENTE: LA JORNADA<\/p>\n","protected":false},"excerpt":{"rendered":"<p>Washington.- El Comit\u00e9 de Relaciones Exteriores de la C\u00e1mara de Representantes de Estados Unidos vot\u00f3 ayer a favor de otorgar al presidente Joe Biden el poder de prohibir la aplicaci\u00f3n de redes sociales de propiedad china TikTok, as\u00ed como otras similares. Los legisladores votaron 24 a favor y 16 en contra de la medida, patrocinada [&hellip;]<\/p>\n","protected":false},"author":9,"featured_media":38110,"comment_status":"closed","ping_status":"closed","sticky":false,"template":"","format":"standard","meta":{"footnotes":""},"categories":[16],"tags":[2455,5678,6303,6302,6301,5859],"class_list":["post-38109","post","type-post","status-publish","format-standard","has-post-thumbnail","hentry","category-internacional","tag-china","tag-estadosunidos","tag-plataformasdigitales","tag-prohibentiktok","tag-tiktok","tag-ultimas-noticias"],"_links":{"self":[{"href":"https:\/\/laultimapalabra.com.mx\/portal\/wp-json\/wp\/v2\/posts\/38109","targetHints":{"allow":["GET"]}}],"collection":[{"href":"https:\/\/laultimapalabra.com.mx\/portal\/wp-json\/wp\/v2\/posts"}],"about":[{"href":"https:\/\/laultimapalabra.com.mx\/portal\/wp-json\/wp\/v2\/types\/post"}],"author":[{"embeddable":true,"href":"https:\/\/laultimapalabra.com.mx\/portal\/wp-json\/wp\/v2\/users\/9"}],"replies":[{"embeddable":true,"href":"https:\/\/laultimapalabra.com.mx\/portal\/wp-json\/wp\/v2\/comments?post=38109"}],"version-history":[{"count":2,"href":"https:\/\/laultimapalabra.com.mx\/portal\/wp-json\/wp\/v2\/posts\/38109\/revisions"}],"predecessor-version":[{"id":81182,"href":"https:\/\/laultimapalabra.com.mx\/portal\/wp-json\/wp\/v2\/posts\/38109\/revisions\/81182"}],"wp:featuredmedia":[{"embeddable":true,"href":"https:\/\/laultimapalabra.com.mx\/portal\/wp-json\/wp\/v2\/media\/38110"}],"wp:attachment":[{"href":"https:\/\/laultimapalabra.com.mx\/portal\/wp-json\/wp\/v2\/media?parent=38109"}],"wp:term":[{"taxonomy":"category","embeddable":true,"href":"https:\/\/laultimapalabra.com.mx\/portal\/wp-json\/wp\/v2\/categories?post=38109"},{"taxonomy":"post_tag","embeddable":true,"href":"https:\/\/laultimapalabra.com.mx\/portal\/wp-json\/wp\/v2\/tags?post=38109"}],"curies":[{"name":"wp","href":"https:\/\/api.w.org\/{rel}","templated":true}]}}