                       {"id":38112,"date":"2023-03-02T15:06:19","date_gmt":"2023-03-02T21:06:19","guid":{"rendered":"https:\/\/laultimapalabra.com.mx\/portal\/?p=38112"},"modified":"2024-12-11T10:41:35","modified_gmt":"2024-12-11T16:41:35","slug":"consejeros-y-personal-del-ine-son-unos-cinicazos-amlo","status":"publish","type":"post","link":"https:\/\/laultimapalabra.com.mx\/portal\/consejeros-y-personal-del-ine-son-unos-cinicazos-amlo\/","title":{"rendered":"Consejeros y personal del INE son unos &#8220;cinicazos&#8221;: AMLO"},"content":{"rendered":"<p>CDMX.- &#8220;Son unos c\u00ednicasos&#8221;, calific\u00f3 el presidente Andr\u00e9s Manuel L\u00f3pez Obrador al referirse a las quejas de consejeros y personal del Instituto Nacional Electoral al publicarse en el Diario Oficial de la Federaci\u00f3n el Plan B electoral. Cuestion\u00f3 que el Secretario Ejecutivo del INE, Edmundo Jacobo Molina haya permanecido desde 2008 en el cargo con un salario neto actual de 165 mil pesos m\u00e1s prestaciones, seg\u00fan dijo, como vi\u00e1ticos, gastos m\u00e9dicos privados y fideicomisos.<\/p>\n<p>Conden\u00f3 que el funcionario llevara ya 15 a\u00f1os en el cargo, &#8220;a lo mejor quer\u00eda tener empleo de manera vitalicia, se le olvida que vivimos en una Rep\u00fablica, no en una monarqu\u00eda&#8221;. Durante su conferencia, abordado sobre la reforma electoral , dijo que &#8220;es muy probable que el Poder Judicial anule la ley electoral y \u00e9l regrese a su cargo y pueda tardar otros 15 a\u00f1os. Porfirio D\u00edaz tard\u00f3 30 m\u00e1s cuatro del compadre 34. Esta re bien&#8221;.<\/p>\n<p>L\u00f3pez Obrador reivindic\u00f3 la reforma como f\u00f3rmula para reducir los costos, &#8220;Una vez m\u00e1s sostengo que la ley electoral que est\u00e1n impugnando no afecta en nada el funcionamiento del INE. Lo que propone esta ley es obtener algunos ahorros. Ni siquiera mucho&#8221;.<\/p>\n<p>Lament\u00f3 que diarios internacionales como el Wall Street Journal o New York Times se hayan hecho eco de las cr\u00edticas a la reforma electoral, por lo que anunci\u00f3 que ma\u00f1ana el Secretario de Gobernaci\u00f3n. Ad\u00e1n Augusto L\u00f3pez explicar\u00e1 los detalles de dichas modificaciones.<\/p>\n<p>Es una decepci\u00f3n, es rid\u00edcula la postura para &#8220;un pa\u00eds donde imperaban los fraudes electorales ahora preocupados por el sueldo del se\u00f1or y porque despu\u00e9s de 15 a\u00f1os ya su funci\u00f3n pasa al Consejo del INE. No hay nada esencial, \u00bfc\u00f3mo llegamos nosotros aqu\u00ed? \u00bfPor el INE? No, en contra del INE, el presidente del INE y todos sus colaboradores hasta ayudaban a mis adversarios en el debate. Se pon\u00edan de acuerdo para facilitarles el debate&#8221;.<\/p>\n<p>Record\u00f3 que aprobaron un formato de debate similar al de Estados Unidos para permitir que &#8220;Ricardo Anaya se me parara enfrente, record\u00f3, y le dije \u00a1detente! y saqu\u00e9 la cartera. Todo esto convenido con ellos. Participaron avalando el fraude de 2006 que lo confes\u00f3 hasta Vicente Fox&#8221;.<\/p>\n<p>A pregunta expresa sobre el respaldo del embajador estadunidense, Ken Salazar a la marcha en defensa del INE, el Presidente respondi\u00f3: &#8220;Ya dije que o est\u00e1n mal informados o act\u00faan de mala fe porque en M\u00e9xico hay m\u00e1s democracia que en Estados Unidos, para decirlo bien, en el M\u00e9xico de hoy hay m\u00e1s democracia que en Estados Unidos. Nada m\u00e1s para informarles&#8221;.<\/p>\n<p>\u2014\u00bfSi lo dice Antony Blinken y ahora el embajador Ken Salazar no es una postura del presidente Joe Biden?<\/p>\n<p>\u2014No, no es Biden; es una mala costumbre, una man\u00eda que tienen nuestros amigos, del gobierno de Estados Unidos, que data de hace como 200 a\u00f1os. Espero que se les vaya quitando.<\/p>\n<p>M\u00e1s adelante, critic\u00f3 las posturas asumidas por el ex rector de la UNAM, Jos\u00e9 Narro, quien en sus redes sociales alert\u00f3 que ahora se luchaba por preservar la autonom\u00eda del INE y que podr\u00eda ser que m\u00e1s adelante por la defensa de la autonom\u00eda de las universidades p\u00fablicas. &#8220;Un tramposo&#8221;, lo acus\u00f3, pues dijo, que se le pretend\u00eda acusar a \u00e9l de todos los males.<\/p>\n<p>FUENTE: LA JORNADA<\/p>\n","protected":false},"excerpt":{"rendered":"<p>CDMX.- &#8220;Son unos c\u00ednicasos&#8221;, calific\u00f3 el presidente Andr\u00e9s Manuel L\u00f3pez Obrador al referirse a las quejas de consejeros y personal del Instituto Nacional Electoral al publicarse en el Diario Oficial de la Federaci\u00f3n el Plan B electoral. Cuestion\u00f3 que el Secretario Ejecutivo del INE, Edmundo Jacobo Molina haya permanecido desde 2008 en el cargo con [&hellip;]<\/p>\n","protected":false},"author":9,"featured_media":38113,"comment_status":"closed","ping_status":"closed","sticky":false,"template":"","format":"standard","meta":{"footnotes":""},"categories":[19],"tags":[124,4248,6304,1269,5859],"class_list":["post-38112","post","type-post","status-publish","format-standard","has-post-thumbnail","hentry","category-nacional","tag-amlo","tag-biden","tag-cinicazos","tag-ine","tag-ultimas-noticias"],"_links":{"self":[{"href":"https:\/\/laultimapalabra.com.mx\/portal\/wp-json\/wp\/v2\/posts\/38112","targetHints":{"allow":["GET"]}}],"collection":[{"href":"https:\/\/laultimapalabra.com.mx\/portal\/wp-json\/wp\/v2\/posts"}],"about":[{"href":"https:\/\/laultimapalabra.com.mx\/portal\/wp-json\/wp\/v2\/types\/post"}],"author":[{"embeddable":true,"href":"https:\/\/laultimapalabra.com.mx\/portal\/wp-json\/wp\/v2\/users\/9"}],"replies":[{"embeddable":true,"href":"https:\/\/laultimapalabra.com.mx\/portal\/wp-json\/wp\/v2\/comments?post=38112"}],"version-history":[{"count":2,"href":"https:\/\/laultimapalabra.com.mx\/portal\/wp-json\/wp\/v2\/posts\/38112\/revisions"}],"predecessor-version":[{"id":81184,"href":"https:\/\/laultimapalabra.com.mx\/portal\/wp-json\/wp\/v2\/posts\/38112\/revisions\/81184"}],"wp:featuredmedia":[{"embeddable":true,"href":"https:\/\/laultimapalabra.com.mx\/portal\/wp-json\/wp\/v2\/media\/38113"}],"wp:attachment":[{"href":"https:\/\/laultimapalabra.com.mx\/portal\/wp-json\/wp\/v2\/media?parent=38112"}],"wp:term":[{"taxonomy":"category","embeddable":true,"href":"https:\/\/laultimapalabra.com.mx\/portal\/wp-json\/wp\/v2\/categories?post=38112"},{"taxonomy":"post_tag","embeddable":true,"href":"https:\/\/laultimapalabra.com.mx\/portal\/wp-json\/wp\/v2\/tags?post=38112"}],"curies":[{"name":"wp","href":"https:\/\/api.w.org\/{rel}","templated":true}]}}