                       {"id":38158,"date":"2023-03-03T11:49:08","date_gmt":"2023-03-03T17:49:08","guid":{"rendered":"https:\/\/laultimapalabra.com.mx\/portal\/?p=38158"},"modified":"2024-12-11T10:41:35","modified_gmt":"2024-12-11T16:41:35","slug":"llega-jueves-ciudadano-al-sector-oriente-de-cadereyta","status":"publish","type":"post","link":"https:\/\/laultimapalabra.com.mx\/portal\/llega-jueves-ciudadano-al-sector-oriente-de-cadereyta\/","title":{"rendered":"Llega &#8220;Jueves Ciudadano&#8221; al sector oriente de Cadereyta\u00a0"},"content":{"rendered":"<p>Cadereyta Jim\u00e9nez, N.L.- Cumpliendo con el compromiso de tener un mayor acercamiento con la ciudadan\u00eda para conocer sus necesidades e inquietudes, el Gobierno de Cadereyta llev\u00f3 a cabo ayer el Programa \u201cJueves Ciudadano\u201d a los habitantes de la colonia Alberos, al oriente de la ciudad.<\/p>\n<p>&nbsp;<\/p>\n<p>&nbsp;<\/p>\n<p>&nbsp;<\/p>\n<p><img loading=\"lazy\" decoding=\"async\" class=\"alignnone size-medium wp-image-38162\" src=\"https:\/\/laultimapalabra.com.mx\/portal\/wp-content\/uploads\/2023\/03\/IMG-20230303-WA0010-200x300.jpg\" alt=\"\" width=\"200\" height=\"300\" srcset=\"https:\/\/laultimapalabra.com.mx\/portal\/wp-content\/uploads\/2023\/03\/IMG-20230303-WA0010-200x300.jpg 200w, https:\/\/laultimapalabra.com.mx\/portal\/wp-content\/uploads\/2023\/03\/IMG-20230303-WA0010-682x1024.jpg 682w, https:\/\/laultimapalabra.com.mx\/portal\/wp-content\/uploads\/2023\/03\/IMG-20230303-WA0010-768x1153.jpg 768w, https:\/\/laultimapalabra.com.mx\/portal\/wp-content\/uploads\/2023\/03\/IMG-20230303-WA0010-1023x1536.jpg 1023w, https:\/\/laultimapalabra.com.mx\/portal\/wp-content\/uploads\/2023\/03\/IMG-20230303-WA0010.jpg 1066w\" sizes=\"auto, (max-width: 200px) 100vw, 200px\" \/><\/p>\n<p>Cosme Leal Cant\u00fa, Presidente Municipal, acompa\u00f1ado de funcionarios de todas las dependencias de la Administraci\u00f3n jimenense instalaron diversos m\u00f3dulos en la plaza p\u00fablica ubicada en las calles Trueno y Encino, para atender a cientos de personas que acudieron con diversas peticiones y solicitudes de alg\u00fan tr\u00e1mite.<\/p>\n<p>\u201cSeguiremos acerc\u00e1ndonos a la gente, somos un Gobierno que escucha a los ciudadanos para conocer sus necesidades y juntos, Sociedad y Gobierno, buscar soluciones \u00f3ptimas para todos y que nuestra ciudad siga avanzando con servicios p\u00fablicos de calidad, buena seguridad y sobre todo bienestar y prosperidad para las familias\u201d, expres\u00f3 el Alcalde de Cadereyta.<\/p>\n<p>Adem\u00e1s de la atenci\u00f3n del Edil a la gente que se acerc\u00f3 para externarle alguna situaci\u00f3n, el Gobierno Municipal llev\u00f3 al \u201cJueves Ciudadano\u201d una brigada m\u00e9dico asistencial con diversos servicios.<\/p>\n<p>&nbsp;<\/p>\n<p>&nbsp;<\/p>\n<p>&nbsp;<\/p>\n<p><img loading=\"lazy\" decoding=\"async\" class=\"alignnone size-medium wp-image-38163\" src=\"https:\/\/laultimapalabra.com.mx\/portal\/wp-content\/uploads\/2023\/03\/IMG-20230303-WA0009-300x200.jpg\" alt=\"\" width=\"300\" height=\"200\" srcset=\"https:\/\/laultimapalabra.com.mx\/portal\/wp-content\/uploads\/2023\/03\/IMG-20230303-WA0009-300x200.jpg 300w, https:\/\/laultimapalabra.com.mx\/portal\/wp-content\/uploads\/2023\/03\/IMG-20230303-WA0009-1024x682.jpg 1024w, https:\/\/laultimapalabra.com.mx\/portal\/wp-content\/uploads\/2023\/03\/IMG-20230303-WA0009-768x512.jpg 768w, https:\/\/laultimapalabra.com.mx\/portal\/wp-content\/uploads\/2023\/03\/IMG-20230303-WA0009-1536x1023.jpg 1536w, https:\/\/laultimapalabra.com.mx\/portal\/wp-content\/uploads\/2023\/03\/IMG-20230303-WA0009.jpg 1600w\" sizes=\"auto, (max-width: 300px) 100vw, 300px\" \/><\/p>\n<p>El despliegue de las dependencias municipales cont\u00f3 con corte de cabello gratis para personas de todas las edades, asesor\u00eda jur\u00eddica, atenci\u00f3n m\u00e9dica y de odontolog\u00eda, ex\u00e1menes de la vista con lentes a bajo costo y una loter\u00eda en la que los premios fueron productos de la canasta b\u00e1sica para apoyar la econom\u00eda familiar.<\/p>\n<p>Tambi\u00e9n se cont\u00f3 con un show infantil para todos los ni\u00f1os que acompa\u00f1aron a sus padres y otros menores que viven en los alrededores de la plaza, quienes al escuchar m\u00fasica se acercaron para disfrutar del espect\u00e1culo.<\/p>\n<p>Adem\u00e1s, el Alcalde entreg\u00f3 diverso material deportivo a ni\u00f1os y j\u00f3venes de equipos de la Liga Municipal de Futbol Soccer, en una cancha aleda\u00f1a a la plaza p\u00fablica.<\/p>\n","protected":false},"excerpt":{"rendered":"<p>Cadereyta Jim\u00e9nez, N.L.- Cumpliendo con el compromiso de tener un mayor acercamiento con la ciudadan\u00eda para conocer sus necesidades e inquietudes, el Gobierno de Cadereyta llev\u00f3 a cabo ayer el Programa \u201cJueves Ciudadano\u201d a los habitantes de la colonia Alberos, al oriente de la ciudad. &nbsp; &nbsp; &nbsp; Cosme Leal Cant\u00fa, Presidente Municipal, acompa\u00f1ado de [&hellip;]<\/p>\n","protected":false},"author":9,"featured_media":38161,"comment_status":"closed","ping_status":"closed","sticky":false,"template":"","format":"standard","meta":{"footnotes":""},"categories":[17],"tags":[3840,1361,5859],"class_list":["post-38158","post","type-post","status-publish","format-standard","has-post-thumbnail","hentry","category-locales-cadereyta","tag-cadereyta-jimenez-nl","tag-jueves-ciudadano","tag-ultimas-noticias"],"_links":{"self":[{"href":"https:\/\/laultimapalabra.com.mx\/portal\/wp-json\/wp\/v2\/posts\/38158","targetHints":{"allow":["GET"]}}],"collection":[{"href":"https:\/\/laultimapalabra.com.mx\/portal\/wp-json\/wp\/v2\/posts"}],"about":[{"href":"https:\/\/laultimapalabra.com.mx\/portal\/wp-json\/wp\/v2\/types\/post"}],"author":[{"embeddable":true,"href":"https:\/\/laultimapalabra.com.mx\/portal\/wp-json\/wp\/v2\/users\/9"}],"replies":[{"embeddable":true,"href":"https:\/\/laultimapalabra.com.mx\/portal\/wp-json\/wp\/v2\/comments?post=38158"}],"version-history":[{"count":2,"href":"https:\/\/laultimapalabra.com.mx\/portal\/wp-json\/wp\/v2\/posts\/38158\/revisions"}],"predecessor-version":[{"id":81206,"href":"https:\/\/laultimapalabra.com.mx\/portal\/wp-json\/wp\/v2\/posts\/38158\/revisions\/81206"}],"wp:featuredmedia":[{"embeddable":true,"href":"https:\/\/laultimapalabra.com.mx\/portal\/wp-json\/wp\/v2\/media\/38161"}],"wp:attachment":[{"href":"https:\/\/laultimapalabra.com.mx\/portal\/wp-json\/wp\/v2\/media?parent=38158"}],"wp:term":[{"taxonomy":"category","embeddable":true,"href":"https:\/\/laultimapalabra.com.mx\/portal\/wp-json\/wp\/v2\/categories?post=38158"},{"taxonomy":"post_tag","embeddable":true,"href":"https:\/\/laultimapalabra.com.mx\/portal\/wp-json\/wp\/v2\/tags?post=38158"}],"curies":[{"name":"wp","href":"https:\/\/api.w.org\/{rel}","templated":true}]}}