                       {"id":38177,"date":"2023-03-03T15:45:37","date_gmt":"2023-03-03T21:45:37","guid":{"rendered":"https:\/\/laultimapalabra.com.mx\/portal\/?p=38177"},"modified":"2024-12-11T10:41:36","modified_gmt":"2024-12-11T16:41:36","slug":"cancelan-en-espana-catedras-y-ponencia-de-felipe-calderon","status":"publish","type":"post","link":"https:\/\/laultimapalabra.com.mx\/portal\/cancelan-en-espana-catedras-y-ponencia-de-felipe-calderon\/","title":{"rendered":"Cancelan en Espa\u00f1a c\u00e1tedras y ponencia de Felipe Calder\u00f3n"},"content":{"rendered":"<p>Madrid.- El ex presidente de M\u00e9xico Felipe Calder\u00f3n Hinojosa no asisti\u00f3 al que iba a ser su primer gran acto p\u00fablico como ponente en la conferencia Di\u00e1logo Atl\u00e1ntico por la Democracia, convocada por la fundaci\u00f3n ultraconservadora Instituto Atl\u00e1ntico de Gobierno, que encabeza el ex mandatario espa\u00f1ol Jos\u00e9 Mar\u00eda Aznar, y cuya misi\u00f3n es formar cuadros para adoptar pol\u00edticas p\u00fablicas neoliberales y conservadoras en Iberoam\u00e9rica.<\/p>\n<p>El veredicto de culpable a Genaro Garc\u00eda Luna, Secretario de Seguridad P\u00fablica de Calder\u00f3n, por los delitos de narcotr\u00e1fico y crimen organizado caus\u00f3 no s\u00f3lo la cancelaci\u00f3n de la ponencia de Calder\u00f3n, sino el aplazamiento sine die (sin plazo) de sus c\u00e1tedras, confirm\u00f3 el Instituto a La Jornada, al asegurar que, de producirse, \u201cno sabemos si ser\u00e1n p\u00fablicas o a puerta cerrada\u201d.<\/p>\n<p>El acto se celebr\u00f3 en el sal\u00f3n Mar\u00eda del Valle Incl\u00e1n, del C\u00edrculo de Bellas Artes de Madrid, y asistieron dirigentes de la derecha espa\u00f1ola, catedr\u00e1ticos, empresarios y diplom\u00e1ticos latinoamericanos.<\/p>\n<p>Calder\u00f3n consigui\u00f3 su visa de residente en Espa\u00f1a gracias a que Aznar lo contrat\u00f3 como catedr\u00e1tico del instituto. La intenci\u00f3n es que el Instituto Atl\u00e1ntico de Gobierno obtenga influencia en c\u00edrculos latinoamericanos de la pol\u00edtica, el empresariado, medios de comunicaci\u00f3n, la academia y la cultura. Para ello, Calder\u00f3n iba a aportar su experiencia como ex presidente conservador y defensor del neoliberalismo.<\/p>\n<p>Desde la sentencia de Garc\u00eda Luna, Calder\u00f3n no ha participado en ning\u00fan acto p\u00fablico. Se le vio por \u00faltima vez el s\u00e1bado pasado en la fiesta del cumplea\u00f1os 70 de Aznar, en el Teatro Real de Madrid.<\/p>\n<p>El jueves, Calder\u00f3n public\u00f3 en su cuenta de Twitter un mensaje en el que da entender que se reuni\u00f3 en Londres con el ex presidente de Colombia Iv\u00e1n Duque, pero esa cita fue hace dos d\u00edas, seg\u00fan las redes sociales de su par.<\/p>\n<p>Por su parte, en la conferencia, Aznar asegur\u00f3 que los espa\u00f1oles \u201chemos dejado que la historia del descubrimiento (de Am\u00e9rica) la escriban los que no ganaron\u201d y de ah\u00ed que se haya creado la \u201cleyenda negra\u201d sobre el \u201csupuesto genocidio\u201d en Am\u00e9rica.<\/p>\n<p>Lament\u00f3 que \u201chemos asumido la famosa leyenda negra y (\u2026) la supuesta superioridad de la cultura \u00e1rabe frente a la cristiana, pero tambi\u00e9n el supuesto destrozo genocida que hace Espa\u00f1a cuando descubre Am\u00e9rica\u201d.<\/p>\n<p>FUENTE : LA JORNADA<\/p>\n","protected":false},"excerpt":{"rendered":"<p>Madrid.- El ex presidente de M\u00e9xico Felipe Calder\u00f3n Hinojosa no asisti\u00f3 al que iba a ser su primer gran acto p\u00fablico como ponente en la conferencia Di\u00e1logo Atl\u00e1ntico por la Democracia, convocada por la fundaci\u00f3n ultraconservadora Instituto Atl\u00e1ntico de Gobierno, que encabeza el ex mandatario espa\u00f1ol Jos\u00e9 Mar\u00eda Aznar, y cuya misi\u00f3n es formar cuadros [&hellip;]<\/p>\n","protected":false},"author":9,"featured_media":38178,"comment_status":"closed","ping_status":"closed","sticky":false,"template":"","format":"standard","meta":{"footnotes":""},"categories":[16],"tags":[6322,6321,4443,6320,5859],"class_list":["post-38177","post","type-post","status-publish","format-standard","has-post-thumbnail","hentry","category-internacional","tag-aznar","tag-cancelanconferenciasycatedraacalderon","tag-espana","tag-felipecalderon","tag-ultimas-noticias"],"_links":{"self":[{"href":"https:\/\/laultimapalabra.com.mx\/portal\/wp-json\/wp\/v2\/posts\/38177","targetHints":{"allow":["GET"]}}],"collection":[{"href":"https:\/\/laultimapalabra.com.mx\/portal\/wp-json\/wp\/v2\/posts"}],"about":[{"href":"https:\/\/laultimapalabra.com.mx\/portal\/wp-json\/wp\/v2\/types\/post"}],"author":[{"embeddable":true,"href":"https:\/\/laultimapalabra.com.mx\/portal\/wp-json\/wp\/v2\/users\/9"}],"replies":[{"embeddable":true,"href":"https:\/\/laultimapalabra.com.mx\/portal\/wp-json\/wp\/v2\/comments?post=38177"}],"version-history":[{"count":2,"href":"https:\/\/laultimapalabra.com.mx\/portal\/wp-json\/wp\/v2\/posts\/38177\/revisions"}],"predecessor-version":[{"id":81212,"href":"https:\/\/laultimapalabra.com.mx\/portal\/wp-json\/wp\/v2\/posts\/38177\/revisions\/81212"}],"wp:featuredmedia":[{"embeddable":true,"href":"https:\/\/laultimapalabra.com.mx\/portal\/wp-json\/wp\/v2\/media\/38178"}],"wp:attachment":[{"href":"https:\/\/laultimapalabra.com.mx\/portal\/wp-json\/wp\/v2\/media?parent=38177"}],"wp:term":[{"taxonomy":"category","embeddable":true,"href":"https:\/\/laultimapalabra.com.mx\/portal\/wp-json\/wp\/v2\/categories?post=38177"},{"taxonomy":"post_tag","embeddable":true,"href":"https:\/\/laultimapalabra.com.mx\/portal\/wp-json\/wp\/v2\/tags?post=38177"}],"curies":[{"name":"wp","href":"https:\/\/api.w.org\/{rel}","templated":true}]}}