                       {"id":38221,"date":"2023-03-04T14:07:59","date_gmt":"2023-03-04T20:07:59","guid":{"rendered":"https:\/\/laultimapalabra.com.mx\/portal\/?p=38221"},"modified":"2024-12-11T10:41:36","modified_gmt":"2024-12-11T16:41:36","slug":"incendia-casa-con-familia-dentro","status":"publish","type":"post","link":"https:\/\/laultimapalabra.com.mx\/portal\/incendia-casa-con-familia-dentro\/","title":{"rendered":"Incendia casa con familia dentro"},"content":{"rendered":"<p>Juarez, N.L.- Un sujeto identificado como Brandon Javier M. de 23 a\u00f1os de edad, es acusado por sus vecinos de incendiar un hogar con cuatro personas adentro, entre las que se encontraban tres ni\u00f1os.<\/p>\n<p>Los hechos ocurrieron la tarde de ayer viernes en la calle Monte Alto de la colonia Monteverde, quedando la casa como p\u00e9rdida total y donde adem\u00e1s muri\u00f3 por quemaduras un perro de la familia.<\/p>\n<p>&nbsp;<\/p>\n<p>&nbsp;<\/p>\n<p>&nbsp;<\/p>\n<p>&nbsp;<\/p>\n<p><img loading=\"lazy\" decoding=\"async\" class=\"alignnone size-medium wp-image-38226\" src=\"https:\/\/laultimapalabra.com.mx\/portal\/wp-content\/uploads\/2023\/03\/IMG-20230304-WA0011-1-300x225.jpg\" alt=\"\" width=\"300\" height=\"225\" srcset=\"https:\/\/laultimapalabra.com.mx\/portal\/wp-content\/uploads\/2023\/03\/IMG-20230304-WA0011-1-300x225.jpg 300w, https:\/\/laultimapalabra.com.mx\/portal\/wp-content\/uploads\/2023\/03\/IMG-20230304-WA0011-1-1024x768.jpg 1024w, https:\/\/laultimapalabra.com.mx\/portal\/wp-content\/uploads\/2023\/03\/IMG-20230304-WA0011-1-768x576.jpg 768w, https:\/\/laultimapalabra.com.mx\/portal\/wp-content\/uploads\/2023\/03\/IMG-20230304-WA0011-1-1536x1152.jpg 1536w, https:\/\/laultimapalabra.com.mx\/portal\/wp-content\/uploads\/2023\/03\/IMG-20230304-WA0011-1.jpg 1600w\" sizes=\"auto, (max-width: 300px) 100vw, 300px\" \/><\/p>\n<p>Algunas casas m\u00e1s adelante del incendio, el sujeto, quien vivi\u00f3 en esa misma calle hace alg\u00fan tiempo, rompi\u00f3 el cristal trasero de una camioneta tipo Ecosport, modelo 2005.<\/p>\n<p>Desde estos hechos, el sujeto es buscado en la colonia Privadas de San Roque por la Polic\u00eda Municipal por el grave atentado, pero no ha trascendido su detenci\u00f3n.<\/p>\n","protected":false},"excerpt":{"rendered":"<p>Juarez, N.L.- Un sujeto identificado como Brandon Javier M. de 23 a\u00f1os de edad, es acusado por sus vecinos de incendiar un hogar con cuatro personas adentro, entre las que se encontraban tres ni\u00f1os. Los hechos ocurrieron la tarde de ayer viernes en la calle Monte Alto de la colonia Monteverde, quedando la casa como [&hellip;]<\/p>\n","protected":false},"author":9,"featured_media":38224,"comment_status":"closed","ping_status":"closed","sticky":false,"template":"","format":"standard","meta":{"footnotes":""},"categories":[18],"tags":[5914,6338,1254,3590,5859],"class_list":["post-38221","post","type-post","status-publish","format-standard","has-post-thumbnail","hentry","category-locales-juarez","tag-casa","tag-familia-dentro","tag-incendio","tag-juarez-nl","tag-ultimas-noticias"],"_links":{"self":[{"href":"https:\/\/laultimapalabra.com.mx\/portal\/wp-json\/wp\/v2\/posts\/38221","targetHints":{"allow":["GET"]}}],"collection":[{"href":"https:\/\/laultimapalabra.com.mx\/portal\/wp-json\/wp\/v2\/posts"}],"about":[{"href":"https:\/\/laultimapalabra.com.mx\/portal\/wp-json\/wp\/v2\/types\/post"}],"author":[{"embeddable":true,"href":"https:\/\/laultimapalabra.com.mx\/portal\/wp-json\/wp\/v2\/users\/9"}],"replies":[{"embeddable":true,"href":"https:\/\/laultimapalabra.com.mx\/portal\/wp-json\/wp\/v2\/comments?post=38221"}],"version-history":[{"count":4,"href":"https:\/\/laultimapalabra.com.mx\/portal\/wp-json\/wp\/v2\/posts\/38221\/revisions"}],"predecessor-version":[{"id":81216,"href":"https:\/\/laultimapalabra.com.mx\/portal\/wp-json\/wp\/v2\/posts\/38221\/revisions\/81216"}],"wp:featuredmedia":[{"embeddable":true,"href":"https:\/\/laultimapalabra.com.mx\/portal\/wp-json\/wp\/v2\/media\/38224"}],"wp:attachment":[{"href":"https:\/\/laultimapalabra.com.mx\/portal\/wp-json\/wp\/v2\/media?parent=38221"}],"wp:term":[{"taxonomy":"category","embeddable":true,"href":"https:\/\/laultimapalabra.com.mx\/portal\/wp-json\/wp\/v2\/categories?post=38221"},{"taxonomy":"post_tag","embeddable":true,"href":"https:\/\/laultimapalabra.com.mx\/portal\/wp-json\/wp\/v2\/tags?post=38221"}],"curies":[{"name":"wp","href":"https:\/\/api.w.org\/{rel}","templated":true}]}}