                       {"id":3823,"date":"2018-09-27T23:28:25","date_gmt":"2018-09-27T23:28:25","guid":{"rendered":"http:\/\/laultimapalabra.info\/?p=3823"},"modified":"2024-12-11T08:37:32","modified_gmt":"2024-12-11T14:37:32","slug":"foto-del-recuerdo-26","status":"publish","type":"post","link":"https:\/\/laultimapalabra.com.mx\/portal\/foto-del-recuerdo-26\/","title":{"rendered":"Foto del Recuerdo"},"content":{"rendered":"<p><img loading=\"lazy\" decoding=\"async\" class=\"alignnone  wp-image-3818\" src=\"https:\/\/laultimapalabra.com.mx\/portal\/wp-content\/uploads\/2018\/09\/9-300x193.jpg\" alt=\"\" width=\"494\" height=\"318\" \/><\/p>\n<p style=\"text-align: justify;\">Desfile en conmemoraci\u00f3n del Centenario de la Ciudad de Cadereyta Jim\u00e9nez, N.L., en el a\u00f1o de 1925, al fondo se divisa el Hotel que llev\u00f3 antiguamente por nombre \u201cTrinidad\u201d, en el se hospedaron los Generales Mariano Escobedo y Santiago Tapia en el a\u00f1o de 1866 durante la invasi\u00f3n francesa.<\/p>\n","protected":false},"excerpt":{"rendered":"<p>Desfile en conmemoraci\u00f3n del Centenario de la Ciudad de Cadereyta Jim\u00e9nez, N.L., en el a\u00f1o de 1925, al fondo se divisa el Hotel que llev\u00f3 antiguamente por nombre \u201cTrinidad\u201d, en el se hospedaron los Generales Mariano Escobedo y Santiago Tapia en el a\u00f1o de 1866 durante la invasi\u00f3n francesa.<\/p>\n","protected":false},"author":9,"featured_media":3818,"comment_status":"open","ping_status":"closed","sticky":false,"template":"","format":"standard","meta":{"footnotes":""},"categories":[1],"tags":[1095],"class_list":["post-3823","post","type-post","status-publish","format-standard","has-post-thumbnail","hentry","category-noticias","tag-foto-del-recuerdo"],"_links":{"self":[{"href":"https:\/\/laultimapalabra.com.mx\/portal\/wp-json\/wp\/v2\/posts\/3823","targetHints":{"allow":["GET"]}}],"collection":[{"href":"https:\/\/laultimapalabra.com.mx\/portal\/wp-json\/wp\/v2\/posts"}],"about":[{"href":"https:\/\/laultimapalabra.com.mx\/portal\/wp-json\/wp\/v2\/types\/post"}],"author":[{"embeddable":true,"href":"https:\/\/laultimapalabra.com.mx\/portal\/wp-json\/wp\/v2\/users\/9"}],"replies":[{"embeddable":true,"href":"https:\/\/laultimapalabra.com.mx\/portal\/wp-json\/wp\/v2\/comments?post=3823"}],"version-history":[{"count":1,"href":"https:\/\/laultimapalabra.com.mx\/portal\/wp-json\/wp\/v2\/posts\/3823\/revisions"}],"predecessor-version":[{"id":65063,"href":"https:\/\/laultimapalabra.com.mx\/portal\/wp-json\/wp\/v2\/posts\/3823\/revisions\/65063"}],"wp:featuredmedia":[{"embeddable":true,"href":"https:\/\/laultimapalabra.com.mx\/portal\/wp-json\/"}],"wp:attachment":[{"href":"https:\/\/laultimapalabra.com.mx\/portal\/wp-json\/wp\/v2\/media?parent=3823"}],"wp:term":[{"taxonomy":"category","embeddable":true,"href":"https:\/\/laultimapalabra.com.mx\/portal\/wp-json\/wp\/v2\/categories?post=3823"},{"taxonomy":"post_tag","embeddable":true,"href":"https:\/\/laultimapalabra.com.mx\/portal\/wp-json\/wp\/v2\/tags?post=3823"}],"curies":[{"name":"wp","href":"https:\/\/api.w.org\/{rel}","templated":true}]}}