                       {"id":38286,"date":"2023-03-06T16:10:55","date_gmt":"2023-03-06T22:10:55","guid":{"rendered":"https:\/\/laultimapalabra.com.mx\/portal\/?p=38286"},"modified":"2024-12-11T10:41:36","modified_gmt":"2024-12-11T16:41:36","slug":"la-mananera-del-proximo-jueves-se-hara-desde-el-bunker-de-garcia-luna-anuncia-amlo","status":"publish","type":"post","link":"https:\/\/laultimapalabra.com.mx\/portal\/la-mananera-del-proximo-jueves-se-hara-desde-el-bunker-de-garcia-luna-anuncia-amlo\/","title":{"rendered":"La \u201cma\u00f1anera\u201d del pr\u00f3ximo jueves se har\u00e1 desde el b\u00fanker de Garc\u00eda Luna, anuncia AMLO"},"content":{"rendered":"<p>Ciudad de M\u00e9xico.- El Presidente Andr\u00e9s Manuel L\u00f3pez Obrador anunci\u00f3 esta ma\u00f1ana que su conferencia matutina del pr\u00f3ximo jueves 9 de marzo se realizar\u00e1 en el b\u00fanker que mand\u00f3 a construir Genaro Garc\u00eda Luna, quien fue Secretario de Seguridad P\u00fablica en el Gobierno de Felipe Calder\u00f3n Hinojosa y recientemente declarado culpable en Estados Unidos de aceptar cuantiosos sobornos para proteger a los violentos c\u00e1rteles del narcotr\u00e1fico a los que deb\u00eda combatir.<\/p>\n<p>\u201cEl d\u00eda jueves creo que vamos a ir al b\u00fanker que ten\u00eda [Genaro] Garc\u00eda Luna. Vamos a tener ah\u00ed la conferencia. Se van a rayar por lo que van a ver\u201d, inform\u00f3 desde el Sal\u00f3n Tesorer\u00eda de Palacio Nacional.<\/p>\n<p>El mandatario record\u00f3 que cuando Garc\u00eda Luna estaba al frente de la entonces Secretar\u00eda de Seguridad P\u00fablica (SSP) federal, invitaba a ese espacio a \u201clos machuchones del periodismo\u201d<\/p>\n<p>\u201cLos invitaba Garc\u00eda Luna, pantallas y sal\u00edan ah\u00ed embelesados, diciendo: \u2018\u00a1Qu\u00e9 maravilla!\u2019, \u2018\u00a1Oh!\u2019, como si enfrentar el problema de la inseguridad y la violencia, fuese nada m\u00e1s un asunto de pantallas y del C5 o del C11, pero en fin\u201d, agreg\u00f3.<\/p>\n<p>FUENTE: REDACCI\u00d3N SIN EMBARGO<\/p>\n","protected":false},"excerpt":{"rendered":"<p>Ciudad de M\u00e9xico.- El Presidente Andr\u00e9s Manuel L\u00f3pez Obrador anunci\u00f3 esta ma\u00f1ana que su conferencia matutina del pr\u00f3ximo jueves 9 de marzo se realizar\u00e1 en el b\u00fanker que mand\u00f3 a construir Genaro Garc\u00eda Luna, quien fue Secretario de Seguridad P\u00fablica en el Gobierno de Felipe Calder\u00f3n Hinojosa y recientemente declarado culpable en Estados Unidos de [&hellip;]<\/p>\n","protected":false},"author":9,"featured_media":38287,"comment_status":"closed","ping_status":"closed","sticky":false,"template":"","format":"standard","meta":{"footnotes":""},"categories":[19],"tags":[124,6359,5752,4194,5859],"class_list":["post-38286","post","type-post","status-publish","format-standard","has-post-thumbnail","hentry","category-nacional","tag-amlo","tag-bunker","tag-garcialuna","tag-mananera","tag-ultimas-noticias"],"_links":{"self":[{"href":"https:\/\/laultimapalabra.com.mx\/portal\/wp-json\/wp\/v2\/posts\/38286","targetHints":{"allow":["GET"]}}],"collection":[{"href":"https:\/\/laultimapalabra.com.mx\/portal\/wp-json\/wp\/v2\/posts"}],"about":[{"href":"https:\/\/laultimapalabra.com.mx\/portal\/wp-json\/wp\/v2\/types\/post"}],"author":[{"embeddable":true,"href":"https:\/\/laultimapalabra.com.mx\/portal\/wp-json\/wp\/v2\/users\/9"}],"replies":[{"embeddable":true,"href":"https:\/\/laultimapalabra.com.mx\/portal\/wp-json\/wp\/v2\/comments?post=38286"}],"version-history":[{"count":2,"href":"https:\/\/laultimapalabra.com.mx\/portal\/wp-json\/wp\/v2\/posts\/38286\/revisions"}],"predecessor-version":[{"id":81244,"href":"https:\/\/laultimapalabra.com.mx\/portal\/wp-json\/wp\/v2\/posts\/38286\/revisions\/81244"}],"wp:featuredmedia":[{"embeddable":true,"href":"https:\/\/laultimapalabra.com.mx\/portal\/wp-json\/wp\/v2\/media\/38287"}],"wp:attachment":[{"href":"https:\/\/laultimapalabra.com.mx\/portal\/wp-json\/wp\/v2\/media?parent=38286"}],"wp:term":[{"taxonomy":"category","embeddable":true,"href":"https:\/\/laultimapalabra.com.mx\/portal\/wp-json\/wp\/v2\/categories?post=38286"},{"taxonomy":"post_tag","embeddable":true,"href":"https:\/\/laultimapalabra.com.mx\/portal\/wp-json\/wp\/v2\/tags?post=38286"}],"curies":[{"name":"wp","href":"https:\/\/api.w.org\/{rel}","templated":true}]}}