                       {"id":38292,"date":"2023-03-06T16:25:33","date_gmt":"2023-03-06T22:25:33","guid":{"rendered":"https:\/\/laultimapalabra.com.mx\/portal\/?p=38292"},"modified":"2024-12-11T10:41:36","modified_gmt":"2024-12-11T16:41:36","slug":"impiden-entrada-a-director-de-secundaria-de-palmitos","status":"publish","type":"post","link":"https:\/\/laultimapalabra.com.mx\/portal\/impiden-entrada-a-director-de-secundaria-de-palmitos\/","title":{"rendered":"Impiden entrada a director de secundaria de &#8220;Palmitos&#8221;"},"content":{"rendered":"<p>Cadereyta Jim\u00e9nez, N.L.- Esta ma\u00f1ana, padres de familia de la secundaria &#8220;Abel Garza Salinas&#8221;, del Ejido &#8220;Palmitos&#8221;, tomaron en protesta el plantel educativo y no permitieron la entrada al director Emilio C\u00e1rdenas.<\/p>\n<p>De los aproximadamente 200 alumnos, s\u00f3lo acudieron algunos 15 estudiantes, ya que los mismos padres de familia no enviaron a clases, a la mayor parte de los educandos, en repudio a los directivos del plantel.<\/p>\n<p>Acusan los padres de familia y la mayor\u00eda de los maestros, que el director de la secundaria encubri\u00f3 a un maestro al que identifican con el nombre de Conrado, de besar y tocar a algunas alumnas.<\/p>\n<p>Tambi\u00e9n es se\u00f1alado, junto con la maestra auxiliar, de acosar laboralmente a la mayor\u00eda los maestros del plantel.<\/p>\n","protected":false},"excerpt":{"rendered":"<p>Cadereyta Jim\u00e9nez, N.L.- Esta ma\u00f1ana, padres de familia de la secundaria &#8220;Abel Garza Salinas&#8221;, del Ejido &#8220;Palmitos&#8221;, tomaron en protesta el plantel educativo y no permitieron la entrada al director Emilio C\u00e1rdenas. De los aproximadamente 200 alumnos, s\u00f3lo acudieron algunos 15 estudiantes, ya que los mismos padres de familia no enviaron a clases, a la [&hellip;]<\/p>\n","protected":false},"author":9,"featured_media":38293,"comment_status":"closed","ping_status":"closed","sticky":false,"template":"","format":"standard","meta":{"footnotes":""},"categories":[17],"tags":[3840,4421,6364,5859],"class_list":["post-38292","post","type-post","status-publish","format-standard","has-post-thumbnail","hentry","category-locales-cadereyta","tag-cadereyta-jimenez-nl","tag-director","tag-impiden-entrada","tag-ultimas-noticias"],"_links":{"self":[{"href":"https:\/\/laultimapalabra.com.mx\/portal\/wp-json\/wp\/v2\/posts\/38292","targetHints":{"allow":["GET"]}}],"collection":[{"href":"https:\/\/laultimapalabra.com.mx\/portal\/wp-json\/wp\/v2\/posts"}],"about":[{"href":"https:\/\/laultimapalabra.com.mx\/portal\/wp-json\/wp\/v2\/types\/post"}],"author":[{"embeddable":true,"href":"https:\/\/laultimapalabra.com.mx\/portal\/wp-json\/wp\/v2\/users\/9"}],"replies":[{"embeddable":true,"href":"https:\/\/laultimapalabra.com.mx\/portal\/wp-json\/wp\/v2\/comments?post=38292"}],"version-history":[{"count":2,"href":"https:\/\/laultimapalabra.com.mx\/portal\/wp-json\/wp\/v2\/posts\/38292\/revisions"}],"predecessor-version":[{"id":81248,"href":"https:\/\/laultimapalabra.com.mx\/portal\/wp-json\/wp\/v2\/posts\/38292\/revisions\/81248"}],"wp:featuredmedia":[{"embeddable":true,"href":"https:\/\/laultimapalabra.com.mx\/portal\/wp-json\/wp\/v2\/media\/38293"}],"wp:attachment":[{"href":"https:\/\/laultimapalabra.com.mx\/portal\/wp-json\/wp\/v2\/media?parent=38292"}],"wp:term":[{"taxonomy":"category","embeddable":true,"href":"https:\/\/laultimapalabra.com.mx\/portal\/wp-json\/wp\/v2\/categories?post=38292"},{"taxonomy":"post_tag","embeddable":true,"href":"https:\/\/laultimapalabra.com.mx\/portal\/wp-json\/wp\/v2\/tags?post=38292"}],"curies":[{"name":"wp","href":"https:\/\/api.w.org\/{rel}","templated":true}]}}