                       {"id":38349,"date":"2023-03-07T16:49:55","date_gmt":"2023-03-07T22:49:55","guid":{"rendered":"https:\/\/laultimapalabra.com.mx\/portal\/?p=38349"},"modified":"2024-12-11T10:41:37","modified_gmt":"2024-12-11T16:41:37","slug":"admite-scjn-recurso-de-presidencia-contra-suspension-del-plan-b-en-edomex-y-coahuila","status":"publish","type":"post","link":"https:\/\/laultimapalabra.com.mx\/portal\/admite-scjn-recurso-de-presidencia-contra-suspension-del-plan-b-en-edomex-y-coahuila\/","title":{"rendered":"Admite SCJN recurso de Presidencia contra suspensi\u00f3n del Plan B en Edomex y Coahuila"},"content":{"rendered":"<p>La Suprema Corte de Justicia de la Naci\u00f3n (SCJN) admiti\u00f3 a tr\u00e1mite los recursos de reclamaci\u00f3n presentados por la Presidencia de la Rep\u00fablica y las C\u00e1maras de diputados y senadores, contra la suspensi\u00f3n otorgada por el ministro Alberto P\u00e9rez Day\u00e1n para que no se aplique el Plan B en el Estado de M\u00e9xico y Coahuila.<\/p>\n<p>En ambas entidades habr\u00e1 elecciones locales este mismo a\u00f1o, por lo que el ministro consider\u00f3 necesario suspender los efectos de las reformas a las leyes generales de Comunicaci\u00f3n Social y de Responsabilidades Administrativas, consideradas la primera fase del Plan B, para evitar que su posible inconstitucionalidad afecte estos procesos que ya est\u00e1n en marcha.<\/p>\n<p>Los recursos fueron promovidos por la Consejer\u00eda Jur\u00eddica del Ejecutivo Federal (CJEF), el presidente del Senado, Alejandro Armenta, y la vicepresidenta de la C\u00e1mara de Diputados, Karla Almaz\u00e1n.<\/p>\n<p>P\u00e9rez Day\u00e1n ha negado suspender la aplicaci\u00f3n de estas reformas en otros estados y municipios del pa\u00eds que las han impugnado, pues consider\u00f3 que al no haber procesos electorales en curso en dichas demarcaciones, no hay ning\u00fan derecho humano afectado en lo inmediato.<\/p>\n<p>Los recursos de reclamaci\u00f3n fueron turnados a la Segunda Sala de la SCJN, as\u00ed que ser\u00e1 uno de sus ministros quien las analice y proponga un proyecto de resoluci\u00f3n donde se define si las suspensiones pueden o no continuar.<\/p>\n<p>FUENTE: LA JORNADA<\/p>\n","protected":false},"excerpt":{"rendered":"<p>La Suprema Corte de Justicia de la Naci\u00f3n (SCJN) admiti\u00f3 a tr\u00e1mite los recursos de reclamaci\u00f3n presentados por la Presidencia de la Rep\u00fablica y las C\u00e1maras de diputados y senadores, contra la suspensi\u00f3n otorgada por el ministro Alberto P\u00e9rez Day\u00e1n para que no se aplique el Plan B en el Estado de M\u00e9xico y Coahuila. [&hellip;]<\/p>\n","protected":false},"author":9,"featured_media":38350,"comment_status":"closed","ping_status":"closed","sticky":false,"template":"","format":"standard","meta":{"footnotes":""},"categories":[19],"tags":[124,6381,6382,2085],"class_list":["post-38349","post","type-post","status-publish","format-standard","has-post-thumbnail","hentry","category-nacional","tag-amlo","tag-perezdayan","tag-recursocontrasuspension","tag-scjn"],"_links":{"self":[{"href":"https:\/\/laultimapalabra.com.mx\/portal\/wp-json\/wp\/v2\/posts\/38349","targetHints":{"allow":["GET"]}}],"collection":[{"href":"https:\/\/laultimapalabra.com.mx\/portal\/wp-json\/wp\/v2\/posts"}],"about":[{"href":"https:\/\/laultimapalabra.com.mx\/portal\/wp-json\/wp\/v2\/types\/post"}],"author":[{"embeddable":true,"href":"https:\/\/laultimapalabra.com.mx\/portal\/wp-json\/wp\/v2\/users\/9"}],"replies":[{"embeddable":true,"href":"https:\/\/laultimapalabra.com.mx\/portal\/wp-json\/wp\/v2\/comments?post=38349"}],"version-history":[{"count":2,"href":"https:\/\/laultimapalabra.com.mx\/portal\/wp-json\/wp\/v2\/posts\/38349\/revisions"}],"predecessor-version":[{"id":81278,"href":"https:\/\/laultimapalabra.com.mx\/portal\/wp-json\/wp\/v2\/posts\/38349\/revisions\/81278"}],"wp:featuredmedia":[{"embeddable":true,"href":"https:\/\/laultimapalabra.com.mx\/portal\/wp-json\/wp\/v2\/media\/38350"}],"wp:attachment":[{"href":"https:\/\/laultimapalabra.com.mx\/portal\/wp-json\/wp\/v2\/media?parent=38349"}],"wp:term":[{"taxonomy":"category","embeddable":true,"href":"https:\/\/laultimapalabra.com.mx\/portal\/wp-json\/wp\/v2\/categories?post=38349"},{"taxonomy":"post_tag","embeddable":true,"href":"https:\/\/laultimapalabra.com.mx\/portal\/wp-json\/wp\/v2\/tags?post=38349"}],"curies":[{"name":"wp","href":"https:\/\/api.w.org\/{rel}","templated":true}]}}