                       {"id":38432,"date":"2023-03-08T17:32:15","date_gmt":"2023-03-08T23:32:15","guid":{"rendered":"https:\/\/laultimapalabra.com.mx\/portal\/?p=38432"},"modified":"2024-12-11T10:41:38","modified_gmt":"2024-12-11T16:41:38","slug":"denuncian-de-pasiva-a-directora-ante-casos-de-acoso-en-primaria","status":"publish","type":"post","link":"https:\/\/laultimapalabra.com.mx\/portal\/denuncian-de-pasiva-a-directora-ante-casos-de-acoso-en-primaria\/","title":{"rendered":"Denuncian de pasiva a directora ante casos de acoso en primaria"},"content":{"rendered":"<p>Cadereyta Jim\u00e9nez, N.L.- Una madre de familia, quien se identific\u00f3 como Sandra Rodr\u00edguez, denunci\u00f3 p\u00fablicamente que la directora de la escuela primaria \u201cErnestina Garza Reyna\u201d, no ha actuado con energ\u00eda en los casos de bullyng y acoso sexual en la escuela primaria.<\/p>\n<p>Mencion\u00f3 que a pesar de tener conocimiento la maestra Edelmira Tijerina, que su hijo de segundo grado hab\u00eda sido v\u00edctima de tocamientos en sus partes nobles por dos alumnos, no fue capaz de intervenir.<\/p>\n<p>Advirti\u00f3 que en la Regi\u00f3n 8 le dieron el apoyo en forma expedita con equipo humano para solucionar e impedir ese tipo de casos, m\u00e1s en el CODE a donde acudi\u00f3 para denunciar los hechos, no le levantaron la denuncia al ser menores de ocho a\u00f1os los involucrados.<\/p>\n<p>En la misma entrevista, la madre de familia sentenci\u00f3 que hace responsable a la directora, si algo le llegara a pasar a su hijo, al haber amenazas en su contra.<\/p>\n","protected":false},"excerpt":{"rendered":"<p>Cadereyta Jim\u00e9nez, N.L.- Una madre de familia, quien se identific\u00f3 como Sandra Rodr\u00edguez, denunci\u00f3 p\u00fablicamente que la directora de la escuela primaria \u201cErnestina Garza Reyna\u201d, no ha actuado con energ\u00eda en los casos de bullyng y acoso sexual en la escuela primaria. Mencion\u00f3 que a pesar de tener conocimiento la maestra Edelmira Tijerina, que su [&hellip;]<\/p>\n","protected":false},"author":9,"featured_media":38433,"comment_status":"closed","ping_status":"closed","sticky":false,"template":"","format":"standard","meta":{"footnotes":""},"categories":[18],"tags":[4717,6421,3590,5859],"class_list":["post-38432","post","type-post","status-publish","format-standard","has-post-thumbnail","hentry","category-locales-juarez","tag-denuncia","tag-directora","tag-juarez-nl","tag-ultimas-noticias"],"_links":{"self":[{"href":"https:\/\/laultimapalabra.com.mx\/portal\/wp-json\/wp\/v2\/posts\/38432","targetHints":{"allow":["GET"]}}],"collection":[{"href":"https:\/\/laultimapalabra.com.mx\/portal\/wp-json\/wp\/v2\/posts"}],"about":[{"href":"https:\/\/laultimapalabra.com.mx\/portal\/wp-json\/wp\/v2\/types\/post"}],"author":[{"embeddable":true,"href":"https:\/\/laultimapalabra.com.mx\/portal\/wp-json\/wp\/v2\/users\/9"}],"replies":[{"embeddable":true,"href":"https:\/\/laultimapalabra.com.mx\/portal\/wp-json\/wp\/v2\/comments?post=38432"}],"version-history":[{"count":2,"href":"https:\/\/laultimapalabra.com.mx\/portal\/wp-json\/wp\/v2\/posts\/38432\/revisions"}],"predecessor-version":[{"id":81322,"href":"https:\/\/laultimapalabra.com.mx\/portal\/wp-json\/wp\/v2\/posts\/38432\/revisions\/81322"}],"wp:featuredmedia":[{"embeddable":true,"href":"https:\/\/laultimapalabra.com.mx\/portal\/wp-json\/wp\/v2\/media\/38433"}],"wp:attachment":[{"href":"https:\/\/laultimapalabra.com.mx\/portal\/wp-json\/wp\/v2\/media?parent=38432"}],"wp:term":[{"taxonomy":"category","embeddable":true,"href":"https:\/\/laultimapalabra.com.mx\/portal\/wp-json\/wp\/v2\/categories?post=38432"},{"taxonomy":"post_tag","embeddable":true,"href":"https:\/\/laultimapalabra.com.mx\/portal\/wp-json\/wp\/v2\/tags?post=38432"}],"curies":[{"name":"wp","href":"https:\/\/api.w.org\/{rel}","templated":true}]}}