                       {"id":38441,"date":"2023-03-09T13:11:20","date_gmt":"2023-03-09T19:11:20","guid":{"rendered":"https:\/\/laultimapalabra.com.mx\/portal\/?p=38441"},"modified":"2024-12-11T10:41:38","modified_gmt":"2024-12-11T16:41:38","slug":"el-enojo-de-elites-en-mexico-es-porque-perdieron-influencia-ian-bremmer","status":"publish","type":"post","link":"https:\/\/laultimapalabra.com.mx\/portal\/el-enojo-de-elites-en-mexico-es-porque-perdieron-influencia-ian-bremmer\/","title":{"rendered":"El enojo de \u00e9lites en M\u00e9xico es porque perdieron influencia: Ian Bremmer"},"content":{"rendered":"<p>Ciudad de M\u00e9xico.- La econom\u00eda mexicana est\u00e1 posicionada para desempe\u00f1arse \u201cbastante bien en los pr\u00f3ximos cinco o 10 a\u00f1os\u201d, en un contexto en el que las relaciones entre China y Estados Unidos \u201cse est\u00e1n volviendo mucho m\u00e1s desafiantes\u201d, asent\u00f3 Ian Bremmer, presidente de Eurasia Group, la empresa l\u00edder en consultor\u00eda e investigaci\u00f3n de riesgos pol\u00edticos a nivel mundial.<\/p>\n<p>En un art\u00edculo publicado en GZERO Media sobre su reciente visita a la Ciudad de M\u00e9xico \u2013que document\u00f3 con una foto en Twitter de su reuni\u00f3n con el presidente Andr\u00e9s Manuel L\u00f3pez Obrador en Palacio Nacional\u2013, Bremmer destac\u00f3 que percibi\u00f3 menos cr\u00edticas de ejecutivos de empresas y banqueros hacia el Presidente, que antes de la pandemia.<\/p>\n<p>\u201cBueno, en realidad, no ha sido tan malo como esper\u00e1bamos\u201d, consign\u00f3 el analista en riesgo pol\u00edtico, para referirse a lo dicho por empresarios y banqueros con los que se reuni\u00f3. La actual administraci\u00f3n no ha aumentado impuestos, la deuda respecto al producto interno bruto (PIB) se ha mantenido en torno a 50 por ciento, pese a la pandemia. \u201cY, de hecho, en muchos sentidos, como l\u00edder (L\u00f3pez Obrador) ha sido conservador en t\u00e9rminos de gobierno peque\u00f1o y disciplina fiscal\u201d.<\/p>\n<p>Parte de esta relaci\u00f3n entre la iniciativa privada mexicana y el actual gobierno fue referida por Bremmer en una publicaci\u00f3n del bolet\u00edn semanal EG Update. En ella narr\u00f3 que en su reuni\u00f3n con L\u00f3pez Obrador, \u00e9ste le coment\u00f3 que en M\u00e9xico s\u00f3lo hay dos tipos de inversi\u00f3n: la p\u00fablica y la extranjera. \u201cEn otras palabras, est\u00e1 diciendo que las empresas mexicanas en realidad no invierten en el futuro del pa\u00eds\u201d, acot\u00f3 el fundador de Eurasia Group, sobre lo dicho por el funcionario mexicano.<\/p>\n<p>\u201cCreo que parte del enfado de las \u00e9lites con esta administraci\u00f3n es que ya no pueden influir en la pol\u00edtica regulatoria y legislativa como lo hac\u00edan antes. Y si bien el Poder Judicial es un control importante y necesario del poder de AMLO, tambi\u00e9n es dif\u00edcil argumentar que las \u00e9lites econ\u00f3micas no han tenido una influencia indebida en el sistema judicial de M\u00e9xico. Ambas cosas son realmente ciertas\u201d, agreg\u00f3 Bremmer en el art\u00edculo.<\/p>\n<p>Recalc\u00f3 que la pol\u00edtica interna es la mayor preocupaci\u00f3n en el pa\u00eds, sobre todo lo relativo al plan para quitar financiamiento al Instituto Nacional Electoral (INE), lo cual, \u201cde aprobarse, socavar\u00eda la capacidad (\u2026) para tener elecciones libres y justas\u201d; al tiempo que ha impulsado manifestaciones masivas en varios estados, \u201cen gran parte de las clases media y alta, mostrando el poder de la sociedad civil de M\u00e9xico que dif\u00edcilmente va a desaparecer.<\/p>\n<p>\u201cRealmente no hay justificaci\u00f3n para esa decisi\u00f3n (\u2026) A diferencia de Trump, Erdogan, Orb\u00e1n o Bolsonaro, entre otros l\u00edderes, AMLO no necesita destruir la democracia de M\u00e9xico para mantener a su partido en el poder\u201d, contextualiz\u00f3.<\/p>\n<p>Sin embargo, es probable que la Suprema Corte de Justicia de la Naci\u00f3n d\u00e9 un rev\u00e9s al llamado plan B propuesto por el Presidente, con lo que tomar\u00eda m\u00e1s fuerza la narrativa de que \u00e9sta es \u201ccorrupta, como \u00e9l quisiera, todo lo cual socava el estado de derecho en el pa\u00eds\u201d.<\/p>\n<p>Consider\u00f3 que si bien \u201chay problemas reales\u201d en la influencia que tienen las \u00e9lites econ\u00f3micas para dar forma a la pol\u00edtica o detener iniciativas, hay otras \u00e1reas que necesitan m\u00e1s atenci\u00f3n. \u201cHa habido un \u00e9xito muy limitado en la reducci\u00f3n de la violencia en M\u00e9xico, en el trato con los c\u00e1rteles de la droga. Esa es una larga historia de fracasos en M\u00e9xico y no salgo m\u00e1s optimista de mi viaje\u201d.<\/p>\n<p>Sobre las cr\u00edticas que ha recibido L\u00f3pez Obrador por su casi nulo trabajo en giras internacionales, algo \u201cinaudito\u201d para el l\u00edder de una econom\u00eda del G-20, Bremmer explic\u00f3 que el mandatario en cambio se ha dedicado a recorrer el pa\u00eds para reunirse con la poblaci\u00f3n m\u00e1s pobre, lo que explica en parte su popularidad.<\/p>\n<p>Compar\u00f3 esta percepci\u00f3n con la que se ten\u00eda del ex presidente Iv\u00e1n Duque, \u201camado por el establishment de Estados Unidos, pero en \u00faltima instancia muy impopular en Colombia, porque se lo consideraba un especie de criatura del Consenso de Washington y no tan interesada en Colombia (\u2026) Creo que AMLO entiende completamente que en el entorno geopol\u00edtico actual, eso simplemente no funciona\u201d.<\/p>\n<p>Bremmer destac\u00f3 que se encuentra \u201cbastante optimista acerca de hacia d\u00f3nde se dirige el pa\u00eds en general\u201d, en parte por el impulso del nearshoring del que todos los tomadores de decisiones hablan en el pa\u00eds. \u201cEs una especie de t\u00e9rmino inc\u00f3modo, pero b\u00e1sicamente la idea es: multinacionales con sede en Estados Unidos haciendo mucho m\u00e1s sobre el terreno en M\u00e9xico\u201d.<\/p>\n<p>FUENTE: LA JORNADA<\/p>\n","protected":false},"excerpt":{"rendered":"<p>Ciudad de M\u00e9xico.- La econom\u00eda mexicana est\u00e1 posicionada para desempe\u00f1arse \u201cbastante bien en los pr\u00f3ximos cinco o 10 a\u00f1os\u201d, en un contexto en el que las relaciones entre China y Estados Unidos \u201cse est\u00e1n volviendo mucho m\u00e1s desafiantes\u201d, asent\u00f3 Ian Bremmer, presidente de Eurasia Group, la empresa l\u00edder en consultor\u00eda e investigaci\u00f3n de riesgos pol\u00edticos [&hellip;]<\/p>\n","protected":false},"author":9,"featured_media":38442,"comment_status":"closed","ping_status":"closed","sticky":false,"template":"","format":"standard","meta":{"footnotes":""},"categories":[16],"tags":[124,6428,6426,6427,5859],"class_list":["post-38441","post","type-post","status-publish","format-standard","has-post-thumbnail","hentry","category-internacional","tag-amlo","tag-futuropromisorioparamexico","tag-geopolitica","tag-ianbremer","tag-ultimas-noticias"],"_links":{"self":[{"href":"https:\/\/laultimapalabra.com.mx\/portal\/wp-json\/wp\/v2\/posts\/38441","targetHints":{"allow":["GET"]}}],"collection":[{"href":"https:\/\/laultimapalabra.com.mx\/portal\/wp-json\/wp\/v2\/posts"}],"about":[{"href":"https:\/\/laultimapalabra.com.mx\/portal\/wp-json\/wp\/v2\/types\/post"}],"author":[{"embeddable":true,"href":"https:\/\/laultimapalabra.com.mx\/portal\/wp-json\/wp\/v2\/users\/9"}],"replies":[{"embeddable":true,"href":"https:\/\/laultimapalabra.com.mx\/portal\/wp-json\/wp\/v2\/comments?post=38441"}],"version-history":[{"count":2,"href":"https:\/\/laultimapalabra.com.mx\/portal\/wp-json\/wp\/v2\/posts\/38441\/revisions"}],"predecessor-version":[{"id":81326,"href":"https:\/\/laultimapalabra.com.mx\/portal\/wp-json\/wp\/v2\/posts\/38441\/revisions\/81326"}],"wp:featuredmedia":[{"embeddable":true,"href":"https:\/\/laultimapalabra.com.mx\/portal\/wp-json\/wp\/v2\/media\/38442"}],"wp:attachment":[{"href":"https:\/\/laultimapalabra.com.mx\/portal\/wp-json\/wp\/v2\/media?parent=38441"}],"wp:term":[{"taxonomy":"category","embeddable":true,"href":"https:\/\/laultimapalabra.com.mx\/portal\/wp-json\/wp\/v2\/categories?post=38441"},{"taxonomy":"post_tag","embeddable":true,"href":"https:\/\/laultimapalabra.com.mx\/portal\/wp-json\/wp\/v2\/tags?post=38441"}],"curies":[{"name":"wp","href":"https:\/\/api.w.org\/{rel}","templated":true}]}}