                       {"id":38565,"date":"2023-03-11T11:26:17","date_gmt":"2023-03-11T17:26:17","guid":{"rendered":"https:\/\/laultimapalabra.com.mx\/portal\/?p=38565"},"modified":"2024-12-11T10:41:39","modified_gmt":"2024-12-11T16:41:39","slug":"se-incendia-auto-en-centro-de-cadereyta","status":"publish","type":"post","link":"https:\/\/laultimapalabra.com.mx\/portal\/se-incendia-auto-en-centro-de-cadereyta\/","title":{"rendered":"Se incendia auto en centro de Cadereyta"},"content":{"rendered":"\n<p>Cadereyta Jim\u00e9nez, N.L.-Elementos de Bomberos Cadereyta se movilizaron esta ma\u00f1ana de s\u00e1bado tras el reporte de un incendio de un veh\u00edculo en Cadereyta.<br>El siniestro se registr\u00f3 en la calle Ju\u00e1rez en su cruce con Emiliano Zapata en la zona centro del municipio.<br>Elementos de Bomberos y Protecci\u00f3n Civil arribaron r\u00e1pidamente al lugar y sofocaron el incendio que s\u00f3lo consumi\u00f3 la parte del motor del auto Tipo Jetta en color negro.<br>Afortunadamente no hubo personas lesionadas, s\u00f3lo da\u00f1os materiales.<\/p>\n\r\n","protected":false},"excerpt":{"rendered":"<p>Cadereyta Jim\u00e9nez, N.L.-Elementos de Bomberos Cadereyta se movilizaron esta ma\u00f1ana de s\u00e1bado tras el reporte de un incendio de un veh\u00edculo en Cadereyta.El siniestro se registr\u00f3 en la calle Ju\u00e1rez en su cruce con Emiliano Zapata en la zona centro del municipio.Elementos de Bomberos y Protecci\u00f3n Civil arribaron r\u00e1pidamente al lugar y sofocaron el incendio [&hellip;]<\/p>\n","protected":false},"author":7,"featured_media":38563,"comment_status":"closed","ping_status":"closed","sticky":false,"template":"","format":"standard","meta":{"footnotes":""},"categories":[1],"tags":[3671,2600,3989],"class_list":["post-38565","post","type-post","status-publish","format-standard","has-post-thumbnail","hentry","category-noticias","tag-bomberos","tag-cadereyta","tag-incendio-de-vehiculo"],"_links":{"self":[{"href":"https:\/\/laultimapalabra.com.mx\/portal\/wp-json\/wp\/v2\/posts\/38565","targetHints":{"allow":["GET"]}}],"collection":[{"href":"https:\/\/laultimapalabra.com.mx\/portal\/wp-json\/wp\/v2\/posts"}],"about":[{"href":"https:\/\/laultimapalabra.com.mx\/portal\/wp-json\/wp\/v2\/types\/post"}],"author":[{"embeddable":true,"href":"https:\/\/laultimapalabra.com.mx\/portal\/wp-json\/wp\/v2\/users\/7"}],"replies":[{"embeddable":true,"href":"https:\/\/laultimapalabra.com.mx\/portal\/wp-json\/wp\/v2\/comments?post=38565"}],"version-history":[{"count":3,"href":"https:\/\/laultimapalabra.com.mx\/portal\/wp-json\/wp\/v2\/posts\/38565\/revisions"}],"predecessor-version":[{"id":81390,"href":"https:\/\/laultimapalabra.com.mx\/portal\/wp-json\/wp\/v2\/posts\/38565\/revisions\/81390"}],"wp:featuredmedia":[{"embeddable":true,"href":"https:\/\/laultimapalabra.com.mx\/portal\/wp-json\/wp\/v2\/media\/38563"}],"wp:attachment":[{"href":"https:\/\/laultimapalabra.com.mx\/portal\/wp-json\/wp\/v2\/media?parent=38565"}],"wp:term":[{"taxonomy":"category","embeddable":true,"href":"https:\/\/laultimapalabra.com.mx\/portal\/wp-json\/wp\/v2\/categories?post=38565"},{"taxonomy":"post_tag","embeddable":true,"href":"https:\/\/laultimapalabra.com.mx\/portal\/wp-json\/wp\/v2\/tags?post=38565"}],"curies":[{"name":"wp","href":"https:\/\/api.w.org\/{rel}","templated":true}]}}