                       {"id":38631,"date":"2023-03-13T13:31:37","date_gmt":"2023-03-13T19:31:37","guid":{"rendered":"https:\/\/laultimapalabra.com.mx\/portal\/?p=38631"},"modified":"2024-12-11T10:41:40","modified_gmt":"2024-12-11T16:41:40","slug":"tengo-muchas-dudas-del-veredicto-contra-garcia-luna-calderon","status":"publish","type":"post","link":"https:\/\/laultimapalabra.com.mx\/portal\/tengo-muchas-dudas-del-veredicto-contra-garcia-luna-calderon\/","title":{"rendered":"\u201cTengo muchas dudas del veredicto contra Garc\u00eda Luna&#8221;: Calder\u00f3n"},"content":{"rendered":"<p>Madrid.- El ex presidente de M\u00e9xico Felipe Calder\u00f3n, asegur\u00f3 hoy que tiene \u201cmuchas dudas del veredicto\u201d de culpabilidad dictado en contra de su ex secretario de Seguridad P\u00fablica, Genaro Garc\u00eda Luna, quien fue juzgado y condenado por cinco delitos, entre ellos el de narcotr\u00e1fico y crimen organizado.<\/p>\n<p>Calder\u00f3n respondi\u00f3 brevemente a los medios de comunicaci\u00f3n antes de participar en un foro sobre turismo y aviaci\u00f3n en un lujoso hotel madrile\u00f1o, en un encuentro organizado por el eurodiputado conservador Jos\u00e9 Manuel Bauza, del partido Ciudadanos.<\/p>\n<p>Desde que se dict\u00f3 la sentencia condenatoria contra Garc\u00eda Luna, el pasado 22 de febrero, Calder\u00f3n no hab\u00eda hablado p\u00fablicamente. De hecho la \u00faltima vez que fue visto en Madrid fue a ra\u00edz de la fiesta del 70 aniversario el ex presidente espa\u00f1ol Jos\u00e9 Mar\u00eda Aznar.<\/p>\n<p>El pasado 2 de marzo ten\u00eda previsto intervenir en un di\u00e1logo con el mismo Aznar a ra\u00edz de un foro organizado por su fundaci\u00f3n, el Atl\u00e1ntico Instituto de Estudios, pero el pol\u00edtico mexicano decidi\u00f3 cancelar a \u00faltima hora y mantener su agenda sin actos p\u00fablicos. Sus \u00fanicas opiniones las ha vertido desde entonces a trav\u00e9s de las redes sociales.<\/p>\n<p>Al ser preguntado sobre el veredicto que conden\u00f3 al que fue su mano derecha en materia de seguridad p\u00fablica y lucha contra el narcotr\u00e1fico, Calder\u00f3n se\u00f1al\u00f3: \u201cSoy un hombre de leyes y desde luego respeto las resoluciones de los tribunales cuando act\u00faan conforme a derecho.<\/p>\n<p>Yo, en lo personal, tengo muchas dudas del veredicto porque hubiera esperado ver lo que tanto anunci\u00f3 la Fiscal\u00eda: videos, grabaciones, fotograf\u00edas, estados de cuentas, dep\u00f3sitos y la verdad que nada de eso se exhibi\u00f3. Todo fue en base a testimonios de criminales confesos, que por cierto a la mayor\u00eda de ellos nosotros, o sea nuestro gobierno perseguimos, capturamos y extraditamos\u201d.<\/p>\n<p>Calder\u00f3n tambi\u00e9n se dijo \u201cv\u00edctima\u201d de una \u201cpersecuci\u00f3n pol\u00edtica\u201d, al sostener que \u201cel fallo se intenta utilizar para exacerbar esa persecuci\u00f3n, que es casi personal de parte del gobierno\u201d.<\/p>\n<p>La sentencia condenatoria de Garc\u00eda Luna estableci\u00f3 un v\u00ednculo entre el ex funcionario mexicano con el c\u00e1rtel de Sinaloa, tambi\u00e9n conocido como el \u201cdel Pac\u00edfico\u201d. A este respecto, Calder\u00f3n afirm\u00f3 que \u201csoy un presidente que act\u00faa conforme a la ley, yo soy el presidente que m\u00e1s ha combatido el crimen organizado en M\u00e9xico, que no he dado ni tregua ni cuartel en el combate a los criminales y a todos los c\u00e1rteles, incluyendo el llamado cartel del Pac\u00edfico. De hecho la prueba de ello es que los testigos que fueron utilizados en dicho juicio fueros perseguidos, capturados y extraditados por mi gobierno. Nunca negoci\u00e9 ni hice trato con criminales y s\u00ed defend\u00ed a los mexicanos con toda la fuerza de la ley, con toda la fuerza del Estado y lo volver\u00eda a hacer porque ese es el deber de cualquier ciudadano\u201d.<\/p>\n<p>\u00bfEstar\u00eda dispuesto a volver a M\u00e9xico?<\/p>\n<p>Siempre he estado a disposici\u00f3n de las leyes. Soy un hombre de leyes. Lo que s\u00ed es cierto es que hay una persecuci\u00f3n en contra m\u00eda, abierta, franca, burda, por parte del gobierno, que como suele ocurrir utiliza las instituciones de justicia para perseguir opositores. Y ese es mi caso.<\/p>\n<p>El ex presidente Calder\u00f3n tambi\u00e9n se refiri\u00f3 al peso que tuvo Garc\u00eda Luna durante su sexenio, que se convirti\u00f3 en uno de los hombres m\u00e1s poderosos del pa\u00eds y quien controlaba todos los resortes del Estado, de ah\u00ed que apunten algunas tesis de una posible complicidad entre el ex funcionario ya condenado por narcotr\u00e1fico y el ex presidente mexicano residente en Madrid: \u201cLa pol\u00edtica de seguridad de mi gobierno no depend\u00eda de una persona, era un equipo de seguridad integrado por marinos, polic\u00edas, soldados, ministerios p\u00fablicos. Hab\u00eda dependencias donde estaba Defensa, Marina, el Cisen y todos coordinados por la secretaria de Gobernaci\u00f3n. En el reclutamiento y operaci\u00f3n de ese equipo se sigui\u00f3 la debida diligencia tomando informaci\u00f3n de las dependencias de inteligencia mexicanas. En aquel momento, en el caso de este funcionario (en referencia a Genaro Garc\u00eda Luna, al que en ning\u00fan momento cit\u00f3 por su nombre), era alguien que ten\u00eda a\u00f1os trabajando en la administraci\u00f3n p\u00fablica, en dos gobiernos sucesivos, formado en \u00e1reas de inteligencia, que son muy rigurosas en sus procesos de control de confianza. Creo que hay mucho que mejorar en la vida p\u00fablica de M\u00e9xico, particularmente en materia de combate a la delincuencia y es una tarea inacabada, pero el veredicto no demerita el esfuerzo de miles de mexicanos, de polic\u00edas, de soldados, de marinos, que ofrecieron y arriesgaron su vida para defender a los mexicanos y que desde luego no depend\u00eda de una sola persona\u201d.<\/p>\n<p>Finalmente, Calder\u00f3n arremeti\u00f3 contra el gobierno del Presidente Andr\u00e9s Manuel L\u00f3pez Obrador: \u201cTambi\u00e9n quiero decir que hay una estrategia para que los temas fundamentales de M\u00e9xico, como es la insurrecci\u00f3n ciudadana, para defender a las autoridades, para frenar la dictadura que viene en M\u00e9xico son temas que se pretenden desviar con estas acciones. Y por otra parte hay un se\u00f1alamiento muy complejo en Estados Unidos, no s\u00f3lo en n\u00facleos de opini\u00f3n p\u00fablica sino en el gobierno, vean ustedes la declaraci\u00f3n del ex fiscal William Barr, que estuvo con el ex presidente Trump, que tuvo tan cercana relaci\u00f3n con L\u00f3pez Obrador y que se\u00f1ala primero que el \u00fanico presidente que ha combatido al crimen organizado y a los carteles es su servidor, Felipe Calder\u00f3n. Y por otra parte, el principal promotor de los carteles en M\u00e9xico y su crecimiento, de la impunidad que prevalece en el pa\u00eds ha sido el actual gobierno. Y esto es todo lo que tengo que comentar\u201d.<\/p>\n<p>Tras decir estas palabras, el ex presidente Calder\u00f3n fue rodeado por responsables del foro y personal de seguridad.<\/p>\n<p>FUENTE: LA JORNADA<\/p>\n","protected":false},"excerpt":{"rendered":"<p>Madrid.- El ex presidente de M\u00e9xico Felipe Calder\u00f3n, asegur\u00f3 hoy que tiene \u201cmuchas dudas del veredicto\u201d de culpabilidad dictado en contra de su ex secretario de Seguridad P\u00fablica, Genaro Garc\u00eda Luna, quien fue juzgado y condenado por cinco delitos, entre ellos el de narcotr\u00e1fico y crimen organizado. Calder\u00f3n respondi\u00f3 brevemente a los medios de comunicaci\u00f3n [&hellip;]<\/p>\n","protected":false},"author":9,"featured_media":38632,"comment_status":"closed","ping_status":"closed","sticky":false,"template":"","format":"standard","meta":{"footnotes":""},"categories":[16],"tags":[6469,6320,6471,6470,5859],"class_list":["post-38631","post","type-post","status-publish","format-standard","has-post-thumbnail","hentry","category-internacional","tag-dudasobreveredictogarcialuna","tag-felipecalderon","tag-forosobreturismoyaviacion","tag-madrid","tag-ultimas-noticias"],"_links":{"self":[{"href":"https:\/\/laultimapalabra.com.mx\/portal\/wp-json\/wp\/v2\/posts\/38631","targetHints":{"allow":["GET"]}}],"collection":[{"href":"https:\/\/laultimapalabra.com.mx\/portal\/wp-json\/wp\/v2\/posts"}],"about":[{"href":"https:\/\/laultimapalabra.com.mx\/portal\/wp-json\/wp\/v2\/types\/post"}],"author":[{"embeddable":true,"href":"https:\/\/laultimapalabra.com.mx\/portal\/wp-json\/wp\/v2\/users\/9"}],"replies":[{"embeddable":true,"href":"https:\/\/laultimapalabra.com.mx\/portal\/wp-json\/wp\/v2\/comments?post=38631"}],"version-history":[{"count":2,"href":"https:\/\/laultimapalabra.com.mx\/portal\/wp-json\/wp\/v2\/posts\/38631\/revisions"}],"predecessor-version":[{"id":81412,"href":"https:\/\/laultimapalabra.com.mx\/portal\/wp-json\/wp\/v2\/posts\/38631\/revisions\/81412"}],"wp:featuredmedia":[{"embeddable":true,"href":"https:\/\/laultimapalabra.com.mx\/portal\/wp-json\/wp\/v2\/media\/38632"}],"wp:attachment":[{"href":"https:\/\/laultimapalabra.com.mx\/portal\/wp-json\/wp\/v2\/media?parent=38631"}],"wp:term":[{"taxonomy":"category","embeddable":true,"href":"https:\/\/laultimapalabra.com.mx\/portal\/wp-json\/wp\/v2\/categories?post=38631"},{"taxonomy":"post_tag","embeddable":true,"href":"https:\/\/laultimapalabra.com.mx\/portal\/wp-json\/wp\/v2\/tags?post=38631"}],"curies":[{"name":"wp","href":"https:\/\/api.w.org\/{rel}","templated":true}]}}