                       {"id":3865,"date":"2018-09-28T00:05:13","date_gmt":"2018-09-28T00:05:13","guid":{"rendered":"http:\/\/laultimapalabra.info\/?p=3865"},"modified":"2024-12-11T08:53:16","modified_gmt":"2024-12-11T14:53:16","slug":"el-quemador-34","status":"publish","type":"post","link":"https:\/\/laultimapalabra.com.mx\/portal\/el-quemador-34\/","title":{"rendered":"El Quemador"},"content":{"rendered":"<p><img loading=\"lazy\" decoding=\"async\" class=\"size-medium wp-image-159 alignleft\" src=\"https:\/\/laultimapalabra.com.mx\/portal\/wp-content\/uploads\/2018\/02\/Banner-Caliente-copia-300x171.jpg\" alt=\"\" width=\"300\" height=\"171\" \/>Por: El Repre<\/p>\n<p style=\"text-align: justify;\">INVESTIGACI\u00d3N<\/p>\n<p style=\"text-align: justify;\">Iniciamos esta columneja cont\u00e1ndoles que los que est\u00e1n a punto de ser llamados a investigaci\u00f3n por el delito de fraude es el Doc Ordo\u00f1ez y el Doc Chaves\u2026 \u00a1qu\u00e9 verg\u00fcenza! Y todo por vender incapacidades al mejor postor a\u00fan gozando de cabal salud\u2026s\u00edganle!!<\/p>\n<p style=\"text-align: justify;\">M\u00c1S TRAPOS<\/p>\n<p style=\"text-align: justify;\">Pues resulta que a este par de corruptos y ladrones m\u00e9dicos les est\u00e1n sacando m\u00e1s y m\u00e1s trapotes al sol y la cosa se les puede complicar m\u00e1s\u2026con decirles que la investigaci\u00f3n fue solicitada desde la gerencia de Recursos Humanos en Monterrey, y desde all\u00e1 vendr\u00e1 un experto en la materia a investigarlos\u2026pobrecitos ah, pero bien que se enriquec\u00edan con tanta lana de las incapacidades que vend\u00edan!!<\/p>\n<p style=\"text-align: justify;\">CAMILO<\/p>\n<p style=\"text-align: justify;\">Y todo gracias al hocico de Camilo el \u201chonesto\u201d Vega quien se cans\u00f3 de presumir que \u00e9l ten\u00eda por dentro a los m\u00e9dicos para obtener las incapacidades ficticias\u2026adem\u00e1s de ofrecerlas a sus seguidores con tal de que lo acompa\u00f1aran a Salina Cruz Oaxaca\u2026pues ni as\u00ed lo siguieron, solo 3 de ellos y p\u00e1renle de contar!!<\/p>\n<p style=\"text-align: justify;\">CUARTA TRANSFORMACI\u00d3N<\/p>\n<p style=\"text-align: justify;\">Y que rid\u00edculo, incongruente y falso se ve Camilo el \u201chonesto\u201d Vega cuando seg\u00fan \u00e9l enarbola la 4\u00aa transformaci\u00f3n que encabeza Andr\u00e9s Manuel L\u00f3pez Obrador\u2026que se transforme \u00e9l que enga\u00f1\u00f3 y se burl\u00f3 de sus 15 seguidores de su grupito 15 de agosto\u2026que se transforme \u00e9l que se dedicaba a negocios il\u00edcitos con tal de ganarse una lana\u2026y que se transforme \u00e9l que siempre le gustaron los excesos y la inmoralidad\u2026quien no lo conozca que lo compre\u2026y as\u00ed quiere ser Secretario General de la 49!!<\/p>\n<p style=\"text-align: justify;\">TERE MEDINIS<\/p>\n<p style=\"text-align: justify;\">La que est\u00e1 muy indignada es la canina de caninas de la Tere Medinis, pues ahora sale con que no sab\u00eda que su reto\u00f1o ten\u00eda sus qu\u00e9 haberes con Paolita la repre del CENDI\u2026dicen que casi le da un infarto al leernos hace dos semanas, porque seg\u00fan ella es una persona muy respetable que no le gustan los problemas ni la inmoralidad\u2026p\u00f3ngase a jalar Teresa y deje de meterse donde no la llaman!!<\/p>\n<p style=\"text-align: justify;\">BRUJA<\/p>\n<p style=\"text-align: justify;\">Tambi\u00e9n nos dicen que la que se indign\u00f3 mucho por la quemadita de la semana pasada fue la bruja de Tatiana la segundona Ponce\u2026ahora la muy c\u00ednica dice que se siente confundida y amenaza con quemar a quien tuvo su pasado y ya se les olvido\u2026mejor que trate bien a la gente que val al Censo y que deje de husmear en casas ajenas!!<\/p>\n<p style=\"text-align: justify;\">MEC\u00c1NICO<\/p>\n<p style=\"text-align: justify;\">Del Mec\u00e1nico nos cuentan que el que se anda pasando de listo es el Juan Bolas\u2026y es que el mugroso \u00e9ste como presta dinero le da por abusar con sus deudores, al grado de exhibirlos y amenazarlos con jale\u2026no le paguen compitas para que se le quite lo mugroso y abusivo!!<\/p>\n<p style=\"text-align: justify;\">SOSA<\/p>\n<p style=\"text-align: justify;\">Siguiendo con los reportes del departamento de los traga fuegos, el que sigue color de hormiga es el &#8220;nefasto, bueno para nada, corrupto, c\u00ednico, bipolar y rencoroso del 56 del 42640 &#8220;Jefe Sosa&#8221; esto por las quemaditas de hace unas semanas\u2026y miren que nom\u00e1s dijimos la puritita verdad!!<\/p>\n<p style=\"text-align: justify;\">VERG\u00dcENZA<\/p>\n<p style=\"text-align: justify;\">El poder del rencor y la mala leche del in\u00fatil Sosa ya llego a las 2 centrales\u2026y es que a varios compitas los mando a investigaci\u00f3n por &#8220;Faltas administrativas&#8221; para as\u00ed ponerles un correctivo seg\u00fan el&#8230;y a los que si debe de mandar a investigaci\u00f3n \u00bfcu\u00e1ndo? A los que meten cerveza a los que hacen carne asada, y juegan juegos de apuestas, sin contar a los que deja salir para ir a jugar f\u00fatbol y\/o softbol\u2026at\u00f3rale Sosa!!<\/p>\n<p style=\"text-align: justify;\">GATO JAIRO<\/p>\n<p style=\"text-align: justify;\">De Ventas nos cuentan que el que anda muy enojadito \u00faltimamente es el Gato Jairo\u2026pues dice \u00e9l que nadie le puede ganar la representaci\u00f3n sindical\u2026y es que el berrinche de la chiquilla esta fue porque sali\u00f3 a la luz la planilla de los vengadores, y el Gato cre\u00eda que se ir\u00eda con planilla \u00fanica\u2026ya veremos si sus amigos los Mimosos le dan los ansiados votos que el tanto desea, pa\u2019 seguir haciendo sus fechor\u00edas!!<\/p>\n<p style=\"text-align: justify;\">KARLIS<\/p>\n<p style=\"text-align: justify;\">La que ahora est\u00e1 de Jefa es Karlita Balderas la sobrina favorita del corrupto Eldad\u2026y es que de estar de domestica ahora paso a cubrir un nivel 26, sin que nadie de los de planta pueda cubrir tal categor\u00eda\u2026 \u00bfser\u00e1 muy inteligente o estar\u00e1 patrocinada por su t\u00edo el re jijo de toda su madre Eldad? Aguas Karlis no te metas con el lobo!!&#8230;Arrivederchi!!<\/p>\n<p style=\"text-align: justify;\">\n","protected":false},"excerpt":{"rendered":"<p>Por: El Repre INVESTIGACI\u00d3N Iniciamos esta columneja cont\u00e1ndoles que los que est\u00e1n a punto de ser llamados a investigaci\u00f3n por el delito de fraude es el Doc Ordo\u00f1ez y el Doc Chaves\u2026 \u00a1qu\u00e9 verg\u00fcenza! Y todo por vender incapacidades al mejor postor a\u00fan gozando de cabal salud\u2026s\u00edganle!! M\u00c1S TRAPOS Pues resulta que a este par [&hellip;]<\/p>\n","protected":false},"author":9,"featured_media":159,"comment_status":"open","ping_status":"closed","sticky":false,"template":"","format":"standard","meta":{"footnotes":""},"categories":[1],"tags":[942,943],"class_list":["post-3865","post","type-post","status-publish","format-standard","has-post-thumbnail","hentry","category-noticias","tag-el-quemador","tag-el-repre"],"_links":{"self":[{"href":"https:\/\/laultimapalabra.com.mx\/portal\/wp-json\/wp\/v2\/posts\/3865","targetHints":{"allow":["GET"]}}],"collection":[{"href":"https:\/\/laultimapalabra.com.mx\/portal\/wp-json\/wp\/v2\/posts"}],"about":[{"href":"https:\/\/laultimapalabra.com.mx\/portal\/wp-json\/wp\/v2\/types\/post"}],"author":[{"embeddable":true,"href":"https:\/\/laultimapalabra.com.mx\/portal\/wp-json\/wp\/v2\/users\/9"}],"replies":[{"embeddable":true,"href":"https:\/\/laultimapalabra.com.mx\/portal\/wp-json\/wp\/v2\/comments?post=3865"}],"version-history":[{"count":1,"href":"https:\/\/laultimapalabra.com.mx\/portal\/wp-json\/wp\/v2\/posts\/3865\/revisions"}],"predecessor-version":[{"id":65090,"href":"https:\/\/laultimapalabra.com.mx\/portal\/wp-json\/wp\/v2\/posts\/3865\/revisions\/65090"}],"wp:featuredmedia":[{"embeddable":true,"href":"https:\/\/laultimapalabra.com.mx\/portal\/wp-json\/"}],"wp:attachment":[{"href":"https:\/\/laultimapalabra.com.mx\/portal\/wp-json\/wp\/v2\/media?parent=3865"}],"wp:term":[{"taxonomy":"category","embeddable":true,"href":"https:\/\/laultimapalabra.com.mx\/portal\/wp-json\/wp\/v2\/categories?post=3865"},{"taxonomy":"post_tag","embeddable":true,"href":"https:\/\/laultimapalabra.com.mx\/portal\/wp-json\/wp\/v2\/tags?post=3865"}],"curies":[{"name":"wp","href":"https:\/\/api.w.org\/{rel}","templated":true}]}}