                       {"id":3876,"date":"2018-09-27T23:34:26","date_gmt":"2018-09-27T23:34:26","guid":{"rendered":"http:\/\/laultimapalabra.info\/?p=3876"},"modified":"2024-12-11T08:53:16","modified_gmt":"2024-12-11T14:53:16","slug":"ejecutan-a-dos-en-los-cometas","status":"publish","type":"post","link":"https:\/\/laultimapalabra.com.mx\/portal\/ejecutan-a-dos-en-los-cometas\/","title":{"rendered":"Ejecutan a dos en Los Cometas"},"content":{"rendered":"<p style=\"text-align: justify;\"><img loading=\"lazy\" decoding=\"async\" class=\"size-medium wp-image-3878 alignleft\" src=\"https:\/\/laultimapalabra.com.mx\/portal\/wp-content\/uploads\/2018\/09\/2-300x169.jpeg\" alt=\"\" width=\"300\" height=\"169\" \/>*Llegan hombres armados a domicilio y abren fuego contra moradores<\/p>\n<p style=\"text-align: justify;\">CD. BENITO JU\u00c1REZ, N.L.-<br \/>\nVarios tiros de armas de fuego irrumpieron la tarde de este martes en la colonia Los Cometas, cuando varias personas armadas atacaron a tiros a dos personas en las calles de V\u00eda L\u00e1ctea y Cielo en dicha colonia.<br \/>\nAlgunos testigos aseguran que el ataque se perpetr\u00f3 poco despu\u00e9s de las 2:00 de la tarde del martes, muy cerca de una escuela primaria.<br \/>\nAmbos varones no identificados, se encontraban en el domicilio donde fueron los hechos cuando arribaron al lugar sujetos armados y abrieron fuego en su contra en varias ocasiones.<br \/>\nLos agresores huyeron del lugar dejando a una v\u00edctima muerta en forma instant\u00e1nea, mientras que el otro agredido se encontraba agonizante.<br \/>\nR\u00e1pidamente los familiares lo trasladaron a la colonia Santa Cruz a la delegaci\u00f3n de la Cruz Verde, pero la v\u00edctima hab\u00eda dejado de existir en el camino al puesto de socorro.<br \/>\nLa agresi\u00f3n moviliz\u00f3 a la Polic\u00eda Municipal de Ju\u00e1rez y a Fuerza Civil, quienes intensificaron una b\u00fasqueda de los empistolados, sin \u00e9xito hasta el momento.<\/p>\n","protected":false},"excerpt":{"rendered":"<p>*Llegan hombres armados a domicilio y abren fuego contra moradores CD. BENITO JU\u00c1REZ, N.L.- Varios tiros de armas de fuego irrumpieron la tarde de este martes en la colonia Los Cometas, cuando varias personas armadas atacaron a tiros a dos personas en las calles de V\u00eda L\u00e1ctea y Cielo en dicha colonia. Algunos testigos aseguran [&hellip;]<\/p>\n","protected":false},"author":9,"featured_media":3879,"comment_status":"open","ping_status":"closed","sticky":false,"template":"","format":"standard","meta":{"footnotes":""},"categories":[18,8,10],"tags":[631],"class_list":["post-3876","post","type-post","status-publish","format-standard","has-post-thumbnail","hentry","category-locales-juarez","category-seguridad","category-seguridad-juarez","tag-colonia-los-cometas"],"_links":{"self":[{"href":"https:\/\/laultimapalabra.com.mx\/portal\/wp-json\/wp\/v2\/posts\/3876","targetHints":{"allow":["GET"]}}],"collection":[{"href":"https:\/\/laultimapalabra.com.mx\/portal\/wp-json\/wp\/v2\/posts"}],"about":[{"href":"https:\/\/laultimapalabra.com.mx\/portal\/wp-json\/wp\/v2\/types\/post"}],"author":[{"embeddable":true,"href":"https:\/\/laultimapalabra.com.mx\/portal\/wp-json\/wp\/v2\/users\/9"}],"replies":[{"embeddable":true,"href":"https:\/\/laultimapalabra.com.mx\/portal\/wp-json\/wp\/v2\/comments?post=3876"}],"version-history":[{"count":1,"href":"https:\/\/laultimapalabra.com.mx\/portal\/wp-json\/wp\/v2\/posts\/3876\/revisions"}],"predecessor-version":[{"id":65100,"href":"https:\/\/laultimapalabra.com.mx\/portal\/wp-json\/wp\/v2\/posts\/3876\/revisions\/65100"}],"wp:featuredmedia":[{"embeddable":true,"href":"https:\/\/laultimapalabra.com.mx\/portal\/wp-json\/"}],"wp:attachment":[{"href":"https:\/\/laultimapalabra.com.mx\/portal\/wp-json\/wp\/v2\/media?parent=3876"}],"wp:term":[{"taxonomy":"category","embeddable":true,"href":"https:\/\/laultimapalabra.com.mx\/portal\/wp-json\/wp\/v2\/categories?post=3876"},{"taxonomy":"post_tag","embeddable":true,"href":"https:\/\/laultimapalabra.com.mx\/portal\/wp-json\/wp\/v2\/tags?post=3876"}],"curies":[{"name":"wp","href":"https:\/\/api.w.org\/{rel}","templated":true}]}}