                       {"id":389,"date":"2018-02-16T00:56:16","date_gmt":"2018-02-16T00:56:16","guid":{"rendered":"http:\/\/laultimapalabra.info\/?p=389"},"modified":"2024-12-11T08:36:57","modified_gmt":"2024-12-11T14:36:57","slug":"usted-tiene-la-ultima-palabra-3","status":"publish","type":"post","link":"https:\/\/laultimapalabra.com.mx\/portal\/usted-tiene-la-ultima-palabra-3\/","title":{"rendered":"Usted tiene&#8230; La \u00daltima Palabra"},"content":{"rendered":"<p style=\"text-align: justify;\"><img loading=\"lazy\" decoding=\"async\" class=\"size-medium wp-image-390 alignleft\" src=\"https:\/\/laultimapalabra.com.mx\/portal\/wp-content\/uploads\/2018\/02\/28169846_1705449459476714_78449556_o-203x300.jpg\" alt=\"\" width=\"203\" height=\"300\" \/>Por: ing. Jes\u00fas Herrera R\u00e1bago<\/p>\n<p style=\"text-align: justify;\">Lupita<br \/>\nEl tiempo se fuga, dicta el adagio latino: \u201cel tiempo pasa\u201d dice la canci\u00f3n popular mexicana; y m\u00e1s de alguna vez hemos dicho como la canci\u00f3n de Armando Manzanero: \u201cparece que fue ayer&#8230;\u201d. Hace 14 a\u00f1os este semanario vio la luz por primera vez un viernes 13 de febrero de 2004.<br \/>\nSiendo honesto, la idea no surgi\u00f3 de un servidor. Mi carrera profesional y el ramo en que me hab\u00eda desenvuelto hasta antes de ese a\u00f1o, era en la industria petroqu\u00edmica. Sin embargo, mi hermana Lupita s\u00ed lo conoc\u00eda pues hab\u00eda trabajado en otros medios de comunicaci\u00f3n; y un d\u00eda, cansada de su trabajo en la Casa de la Cultura, de \u201cbuenas a primeras\u201d me propuso hacer un peri\u00f3dico.<br \/>\nAdmito que me tom\u00f3 por sorpresa, no era f\u00e1cil pensar en un proyecto as\u00ed cuando tu mundo gira en otro lado. Quiz\u00e1 en ese momento lo m\u00e1s l\u00f3gico era haberle dicho que no, pero la vida me ha ense\u00f1ado que la respuesta m\u00e1s r\u00e1pida siempre es un no, a veces funciona muy bien, pero otras veces es mejor pensarlo.<br \/>\nAs\u00ed fue como durante m\u00e1s de un a\u00f1o investigamos, planeamos y fuimos aterrizando la idea hasta que un viernes de febrero por fin se materializ\u00f3. Desde entonces hasta hoy han sido 698 ediciones, contando la hoy.<br \/>\nLupita fue pilar para el arranque, desgraciadamente por cuestiones familiares a los pocos a\u00f1os tuvo que mudarse de la ciudad, lo cual ya no le permiti\u00f3 seguir colaborando con nosotros. Como toda empresa, algunos se han ido, otros han llegado y otros todav\u00eda permanecen. Gracias a todos ellos que semana a semana, con gran profesionalismo, hacen posible que ustedes tengan en sus manos y en su perspectiva: La \u00daltima Palabra.<br \/>\nNo ha sido un camino f\u00e1cil porque nos hemos tenido que adaptar a los nuevos tiempo, los cambios en los \u00faltimos a\u00f1os han sido vertiginosos, el peri\u00f3dico tradicional que durante tantos a\u00f1os rein\u00f3, hoy tiene que transformarse continuamente y entrar a otros horizontes como son las redes sociales, a contenidos m\u00e1s breves, a ser m\u00e1s visual, etc.<br \/>\nAunque lo innegable es que a pesar de los cambios, el periodismo siempre guardar\u00e1 algunas cosas que se mantendr\u00e1n inalterables. Quiz\u00e1 la principal es que siempre ser\u00e1 importante para lograr el equilibrio en las sociedades democr\u00e1ticas como la nuestra. As\u00ed como tambi\u00e9n, nunca dejar\u00e1 de ser un medio privilegiado de ayuda a la comunidad.<br \/>\nGracias, de coraz\u00f3n, a todos ustedes amables lectores que durante estos 14 a\u00f1os nos han acompa\u00f1ado y nos han favorecido con su preferencia, lo cual nos ha permitido posicionarnos como el principal medio de comunicaci\u00f3n escrito de Cadereyta y de Ju\u00e1rez.<br \/>\nPara cerrar, cito las palabras textuales de Gustavo Cerati cuando se despidi\u00f3 la banda Soda Stereo: &#8220;No s\u00f3lo no hubi\u00e9ramos sido nada sin ustedes, sino sin toda la gente que estuvo a nuestro alrededor desde el comienzo; algunos siguen hasta hoy. \u00a1Gracias totales!&#8221;<\/p>\n","protected":false},"excerpt":{"rendered":"<p>Por: ing. Jes\u00fas Herrera R\u00e1bago Lupita El tiempo se fuga, dicta el adagio latino: \u201cel tiempo pasa\u201d dice la canci\u00f3n popular mexicana; y m\u00e1s de alguna vez hemos dicho como la canci\u00f3n de Armando Manzanero: \u201cparece que fue ayer&#8230;\u201d. Hace 14 a\u00f1os este semanario vio la luz por primera vez un viernes 13 de febrero [&hellip;]<\/p>\n","protected":false},"author":9,"featured_media":390,"comment_status":"open","ping_status":"closed","sticky":false,"template":"","format":"standard","meta":{"footnotes":""},"categories":[1],"tags":[1277],"class_list":["post-389","post","type-post","status-publish","format-standard","has-post-thumbnail","hentry","category-noticias","tag-ing-jesus-herrera"],"_links":{"self":[{"href":"https:\/\/laultimapalabra.com.mx\/portal\/wp-json\/wp\/v2\/posts\/389","targetHints":{"allow":["GET"]}}],"collection":[{"href":"https:\/\/laultimapalabra.com.mx\/portal\/wp-json\/wp\/v2\/posts"}],"about":[{"href":"https:\/\/laultimapalabra.com.mx\/portal\/wp-json\/wp\/v2\/types\/post"}],"author":[{"embeddable":true,"href":"https:\/\/laultimapalabra.com.mx\/portal\/wp-json\/wp\/v2\/users\/9"}],"replies":[{"embeddable":true,"href":"https:\/\/laultimapalabra.com.mx\/portal\/wp-json\/wp\/v2\/comments?post=389"}],"version-history":[{"count":1,"href":"https:\/\/laultimapalabra.com.mx\/portal\/wp-json\/wp\/v2\/posts\/389\/revisions"}],"predecessor-version":[{"id":63273,"href":"https:\/\/laultimapalabra.com.mx\/portal\/wp-json\/wp\/v2\/posts\/389\/revisions\/63273"}],"wp:featuredmedia":[{"embeddable":true,"href":"https:\/\/laultimapalabra.com.mx\/portal\/wp-json\/"}],"wp:attachment":[{"href":"https:\/\/laultimapalabra.com.mx\/portal\/wp-json\/wp\/v2\/media?parent=389"}],"wp:term":[{"taxonomy":"category","embeddable":true,"href":"https:\/\/laultimapalabra.com.mx\/portal\/wp-json\/wp\/v2\/categories?post=389"},{"taxonomy":"post_tag","embeddable":true,"href":"https:\/\/laultimapalabra.com.mx\/portal\/wp-json\/wp\/v2\/tags?post=389"}],"curies":[{"name":"wp","href":"https:\/\/api.w.org\/{rel}","templated":true}]}}