                       {"id":39094,"date":"2023-03-23T15:06:14","date_gmt":"2023-03-23T21:06:14","guid":{"rendered":"https:\/\/laultimapalabra.com.mx\/portal\/?p=39094"},"modified":"2024-12-11T10:41:43","modified_gmt":"2024-12-11T16:41:43","slug":"agua-suficiente-con-tarifas-justas-demandan-en-nl-preven-desabasto","status":"publish","type":"post","link":"https:\/\/laultimapalabra.com.mx\/portal\/agua-suficiente-con-tarifas-justas-demandan-en-nl-preven-desabasto\/","title":{"rendered":"Agua suficiente con tarifas justas, demandan en NL; prev\u00e9n desabasto"},"content":{"rendered":"<p>Monterrey, N.L.- \u201cEl agua no es un negocio, es un derecho\u201d, manifestaron integrantes de colectivos y organizaciones sociales durante un mitin que realizaron la tarde de ayer en la Explanada de los H\u00e9roes, con motivo del D\u00eda Mundial del Agua, para exigir abasto suficiente del l\u00edquido y cobros justos.<\/p>\n<p>El acto fue convocado por el Frente de Organizaciones Ciudadanas por la Defensa del Agua para denunciar que, \u201ca pesar del discurso oficial\u201d, pronto volver\u00e1 a escasear el recurso en \u00e1reas marginadas de la zona metropolitana de Monterrey.<\/p>\n<p>Alrededor de las 18:00 horas llegaron a la Macroplaza un centenar de personas de las asociaciones Encabronados.com, Ciudadanos Desconocidos, Juventudes Comunistas y la Alianza de Usuarios de Servicios P\u00fablicos y Financieros, entre otras, a los que se unieron transe\u00fantes.<\/p>\n<p>Los inconformes expusieron la necesidad de que se garantice a los usuarios un volumen m\u00ednimo de 50 litros por persona y que lo pagado por el servicio realmente corresponda con el volumen recibido, pues el incremento de cobros desde abril pasado ha sido \u201cexcesivo\u201d.<\/p>\n<p>Jaime Noyola Cedillo, vocero de la Alianza de Usuarios de Servicios P\u00fablicos y Financieros, afirm\u00f3 que insistir\u00e1 en que Servicios de Agua y Drenaje de Monterrey (SADM) no facture el aire que se acumula en las tuber\u00edas de la red.<\/p>\n<p>Record\u00f3 a los neoleoneses que la semana pasada se instalaron frente a la sede del Congreso del estado mesas de asesor\u00eda para apoyar a los ciudadanos en la promoci\u00f3n de amparos ante cualquier abuso en los cobros.<\/p>\n<p>En entrevista, Ra\u00fal \u00c1ngel Rubio Cano, soci\u00f3logo, activista e investigador de la Universidad Aut\u00f3noma de Nuevo Le\u00f3n, consider\u00f3 que el estado se encuentra en la \u201cantesala de una sequ\u00eda\u201d, por lo cual es necesario tomar conciencia sobre la importancia de cuidar el agua, \u201cpero no s\u00f3lo los ciudadanos; sino m\u00e1s que nada los empresarios, desarrolladores urbanos y en general quienes utilizan el l\u00edquido como negocio.<\/p>\n<p>\u201cHa llegado la hora de pasar del nocivo extractivismo que ha dominado por siglos para tener acceso al l\u00edquido y empezar la remediaci\u00f3n de los da\u00f1os causados a los ecosistemas, a la regeneraci\u00f3n y hasta replicar el proceso natural para generar el recurso.\u201d<\/p>\n<p>Elizabeth Barr\u00f3n Cano, soci\u00f3loga y defensora del medio ambiente, sostuvo que \u201c\u00a1no es sequ\u00eda, es saqueo!\u201d la \u201cpresunta\u201d falta de agua en la entidad, que en 2022 provoc\u00f3 una crisis que \u201camenaza con repetirse en 2023\u201d.<\/p>\n<p>El gobernador Samuel Garc\u00eda Sep\u00falveda, del partido Movimiento Ciudadano, se\u00f1al\u00f3 este mi\u00e9rcoles que el proyecto para traer agua de la cuenca del r\u00edo P\u00e1nuco no est\u00e1 descartado y refrend\u00f3 los compromisos de uso eficiente del l\u00edquido con la industria y asociaciones ciudadanas.<\/p>\n<p>El mandatario reiter\u00f3 que el estado se encuentra en el momento oportuno para garantizar en definitiva el abasto h\u00eddrico en Nuevo Le\u00f3n; sin embargo, precis\u00f3 que el problema no se resolver\u00e1 s\u00f3lo a\u00f1adiendo fuentes de abastecimiento, sino logrando que los ciudadanos e industriales hagan uso adecuado del agua.<\/p>\n<p>Asimismo, el director de la C\u00e1mara de la Industria de Transformaci\u00f3n de la entidad, Guillermo Dillon, indic\u00f3 que el organismo que representa se compromete a promover entre sus socios el consumo de mayores vol\u00famenes de agua tratada en sus procesos y mantener sus pozos a disposici\u00f3n de SADM en caso de que sea necesario hacer uso de ellos para garantizar el abasto a los ciudadanos.<\/p>\n<p>Samuel Garc\u00eda recalc\u00f3, adem\u00e1s, que Nuevo Le\u00f3n experimentar\u00e1 en los pr\u00f3ximos meses una racha de inversiones de empresas locales y extranjeras.<\/p>\n<p>\u201cNo quiero decir nombres, porque todav\u00eda estamos en los contratos de confidencialidad, pero pr\u00e1cticamente cinco del Grupo de los 10 estar\u00e1n invirtiendo 200, 300 o hasta 500 millones de d\u00f3lares este a\u00f1o, y uno puede superar los 2 mil millones de d\u00f3lares\u201d, asegur\u00f3 el gobernador.<\/p>\n<p>FUENTE: LA JORNADA<\/p>\n","protected":false},"excerpt":{"rendered":"<p>Monterrey, N.L.- \u201cEl agua no es un negocio, es un derecho\u201d, manifestaron integrantes de colectivos y organizaciones sociales durante un mitin que realizaron la tarde de ayer en la Explanada de los H\u00e9roes, con motivo del D\u00eda Mundial del Agua, para exigir abasto suficiente del l\u00edquido y cobros justos. El acto fue convocado por el [&hellip;]<\/p>\n","protected":false},"author":9,"featured_media":39095,"comment_status":"closed","ping_status":"closed","sticky":false,"template":"","format":"standard","meta":{"footnotes":""},"categories":[15],"tags":[6629,5113,5037,6628,5859],"class_list":["post-39094","post","type-post","status-publish","format-standard","has-post-thumbnail","hentry","category-estado","tag-faltadeagua","tag-nuevoleon","tag-samuelgarcia","tag-suministroagua","tag-ultimas-noticias"],"_links":{"self":[{"href":"https:\/\/laultimapalabra.com.mx\/portal\/wp-json\/wp\/v2\/posts\/39094","targetHints":{"allow":["GET"]}}],"collection":[{"href":"https:\/\/laultimapalabra.com.mx\/portal\/wp-json\/wp\/v2\/posts"}],"about":[{"href":"https:\/\/laultimapalabra.com.mx\/portal\/wp-json\/wp\/v2\/types\/post"}],"author":[{"embeddable":true,"href":"https:\/\/laultimapalabra.com.mx\/portal\/wp-json\/wp\/v2\/users\/9"}],"replies":[{"embeddable":true,"href":"https:\/\/laultimapalabra.com.mx\/portal\/wp-json\/wp\/v2\/comments?post=39094"}],"version-history":[{"count":2,"href":"https:\/\/laultimapalabra.com.mx\/portal\/wp-json\/wp\/v2\/posts\/39094\/revisions"}],"predecessor-version":[{"id":81572,"href":"https:\/\/laultimapalabra.com.mx\/portal\/wp-json\/wp\/v2\/posts\/39094\/revisions\/81572"}],"wp:featuredmedia":[{"embeddable":true,"href":"https:\/\/laultimapalabra.com.mx\/portal\/wp-json\/wp\/v2\/media\/39095"}],"wp:attachment":[{"href":"https:\/\/laultimapalabra.com.mx\/portal\/wp-json\/wp\/v2\/media?parent=39094"}],"wp:term":[{"taxonomy":"category","embeddable":true,"href":"https:\/\/laultimapalabra.com.mx\/portal\/wp-json\/wp\/v2\/categories?post=39094"},{"taxonomy":"post_tag","embeddable":true,"href":"https:\/\/laultimapalabra.com.mx\/portal\/wp-json\/wp\/v2\/tags?post=39094"}],"curies":[{"name":"wp","href":"https:\/\/api.w.org\/{rel}","templated":true}]}}