                       {"id":39097,"date":"2023-03-23T15:13:18","date_gmt":"2023-03-23T21:13:18","guid":{"rendered":"https:\/\/laultimapalabra.com.mx\/portal\/?p=39097"},"modified":"2024-12-11T10:41:43","modified_gmt":"2024-12-11T16:41:43","slug":"pri-elige-a-manuel-anorve-cercano-a-alito-como-su-nuevo-coordinador-en-el-senado","status":"publish","type":"post","link":"https:\/\/laultimapalabra.com.mx\/portal\/pri-elige-a-manuel-anorve-cercano-a-alito-como-su-nuevo-coordinador-en-el-senado\/","title":{"rendered":"PRI elige a Manuel A\u00f1orve, cercano a \u201cAlito\u201d, como su nuevo coordinador en el Senado"},"content":{"rendered":"<p>Ciudad de M\u00e9xico.- Manuel A\u00f1orve Ba\u00f1os se convirti\u00f3 en coordinador de los senadores del Partido Revolucionario Institucional (PRI) luego de una votaci\u00f3n en donde s\u00f3lo estuvieron ocho senadores, incluido \u00e9l.<\/p>\n<p>Antes de la votaci\u00f3n, los senadores Claudia Ruiz Massieu, Nuvia Mayorga y Eruviel \u00c1vila abandonaron molestos la asamblea general extraordinaria en donde Miguel \u00c1ngel Osorio Chong dej\u00f3 su cargo acusando de \u201cilegal\u201d la convocatoria para destituirlo.<\/p>\n<p>La noche de este mi\u00e9rcoles Miguel \u00c1ngel Osorio Chong anunci\u00f3 que dejaba la coordinaci\u00f3n de su Grupo Parlamentario por sus diferencias con \u201cAlito\u201d, como se le conoce a Alejandro Moreno , aunque no abandonar\u00eda el partido.<\/p>\n<p>Durante una Asamblea General Extraordinaria del Grupo Parlamentario del PRI celebrada esta tarde, el grupo de senadores afines a \u201cAlito\u201d decidieron quitar de la coordinaci\u00f3n al Senador Osorio Chong.<\/p>\n<p>\u201cConmigo no habr\u00e1 secretos, hoy les he dejado la coordinaci\u00f3n para sus pretensiones. Respeto a las mayor\u00edas y no me presto a lo que ha venido haciendo Alejandro Moreno con traiciones y acuerdos con el gobierno, el PRI es se\u00f1alado gracias a \u00e9l con la imagen deteriorada. Les encantar\u00eda que renunciara al PRI, pero es Alejandro Moreno el que tiene que salir del PRI\u201d, sentenci\u00f3 Chong en conferencia de prensa.<\/p>\n<p>Osorio Chong se\u00f1al\u00f3 que la reuni\u00f3n en donde buscaban destituirlo fue en respuesta a las denuncias que \u00e9l ha realizado en contra de Alejandro Moreno luego de que extendi\u00f3 su permanencia en la dirigencia del tricolor.<\/p>\n<p>\u201cAlejandro Moreno, utilizando a Manuel A\u00f1orve y Mario Zamora, empezaron los enga\u00f1os y acercamientos hacia algunos compa\u00f1eros y compa\u00f1eras. Buscaron entonces, faltando a lo que hab\u00edamos acordado, arrebatarme la coordinaci\u00f3n del Grupo Parlamentario y eso tiene una raz\u00f3n y es que a Alejandro Moreno no le gust\u00f3 lo que interpusimos muchos priistas para no dejarlo extender su porfiriato\u201d, refiri\u00f3.<\/p>\n<p>Osorio Chong se\u00f1al\u00f3 que la reuni\u00f3n en donde buscaban destituirlo fue en respuesta a las denuncias que \u00e9l ha realizado en contra de Alejandro Moreno. Finalmente el ahora Senador independiente acus\u00f3 que Moreno C\u00e1rdenas \u00fanicamente buscaba favorecerse con su puesto de dirigente nacional y que \u00fanicamente ha da\u00f1ado el partido.<\/p>\n<p>\u201cYo soy un hombre de partido que me ha costado mucho como para permitir que un personaje como Alejandro Moreno, con todos los se\u00f1alamientos que tiene, se quede con el partido; yo soy la voz de miles de priistas enojados con este personaje que le ha hecho tanto da\u00f1o al partido\u201d, recrimin\u00f3.<\/p>\n<p>FUENTE: REDACCI\u00d3N Y SIN EMBARGO<\/p>\n","protected":false},"excerpt":{"rendered":"<p>Ciudad de M\u00e9xico.- Manuel A\u00f1orve Ba\u00f1os se convirti\u00f3 en coordinador de los senadores del Partido Revolucionario Institucional (PRI) luego de una votaci\u00f3n en donde s\u00f3lo estuvieron ocho senadores, incluido \u00e9l. Antes de la votaci\u00f3n, los senadores Claudia Ruiz Massieu, Nuvia Mayorga y Eruviel \u00c1vila abandonaron molestos la asamblea general extraordinaria en donde Miguel \u00c1ngel Osorio [&hellip;]<\/p>\n","protected":false},"author":9,"featured_media":39098,"comment_status":"closed","ping_status":"closed","sticky":false,"template":"","format":"standard","meta":{"footnotes":""},"categories":[19],"tags":[6631,6634,6633,6630,6632,5859],"class_list":["post-39097","post","type-post","status-publish","format-standard","has-post-thumbnail","hentry","category-nacional","tag-alitomoreno","tag-anorve","tag-destitucion","tag-osoriochong","tag-prisenado","tag-ultimas-noticias"],"_links":{"self":[{"href":"https:\/\/laultimapalabra.com.mx\/portal\/wp-json\/wp\/v2\/posts\/39097","targetHints":{"allow":["GET"]}}],"collection":[{"href":"https:\/\/laultimapalabra.com.mx\/portal\/wp-json\/wp\/v2\/posts"}],"about":[{"href":"https:\/\/laultimapalabra.com.mx\/portal\/wp-json\/wp\/v2\/types\/post"}],"author":[{"embeddable":true,"href":"https:\/\/laultimapalabra.com.mx\/portal\/wp-json\/wp\/v2\/users\/9"}],"replies":[{"embeddable":true,"href":"https:\/\/laultimapalabra.com.mx\/portal\/wp-json\/wp\/v2\/comments?post=39097"}],"version-history":[{"count":2,"href":"https:\/\/laultimapalabra.com.mx\/portal\/wp-json\/wp\/v2\/posts\/39097\/revisions"}],"predecessor-version":[{"id":81574,"href":"https:\/\/laultimapalabra.com.mx\/portal\/wp-json\/wp\/v2\/posts\/39097\/revisions\/81574"}],"wp:featuredmedia":[{"embeddable":true,"href":"https:\/\/laultimapalabra.com.mx\/portal\/wp-json\/wp\/v2\/media\/39098"}],"wp:attachment":[{"href":"https:\/\/laultimapalabra.com.mx\/portal\/wp-json\/wp\/v2\/media?parent=39097"}],"wp:term":[{"taxonomy":"category","embeddable":true,"href":"https:\/\/laultimapalabra.com.mx\/portal\/wp-json\/wp\/v2\/categories?post=39097"},{"taxonomy":"post_tag","embeddable":true,"href":"https:\/\/laultimapalabra.com.mx\/portal\/wp-json\/wp\/v2\/tags?post=39097"}],"curies":[{"name":"wp","href":"https:\/\/api.w.org\/{rel}","templated":true}]}}