                       {"id":39103,"date":"2023-03-23T15:27:09","date_gmt":"2023-03-23T21:27:09","guid":{"rendered":"https:\/\/laultimapalabra.com.mx\/portal\/?p=39103"},"modified":"2024-12-11T10:41:43","modified_gmt":"2024-12-11T16:41:43","slug":"colombia-detiene-7-mexicanos-del-cartel-de-sinaloa-por-fentanilo-eu-pide-extradicion","status":"publish","type":"post","link":"https:\/\/laultimapalabra.com.mx\/portal\/colombia-detiene-7-mexicanos-del-cartel-de-sinaloa-por-fentanilo-eu-pide-extradicion\/","title":{"rendered":"Colombia detiene 7 mexicanos del C\u00e1rtel de Sinaloa por fentanilo; EU pide extradici\u00f3n"},"content":{"rendered":"<p>Colombia.- Las autoridades colombianas han informado este mi\u00e9rcoles que han detenido a siete miembros del C\u00e1rtel de Sinaloa, acusados de producir y vender fentanilo, el opi\u00e1ceo que ha desatado una crisis de salud p\u00fablica en Estados Unidos.<\/p>\n<p>La Polic\u00eda Nacional de Colombia ha se\u00f1alado que la Direcci\u00f3n de Investigaci\u00f3n Criminal del cuerpo, junto a la Agencia Antidrogas estadounidense y la Fiscal\u00eda colombiana, ha capturado a estos individuos, de nacionalidad mexicana, \u201ccon fines de extradici\u00f3n\u201d a Estados Unidos.<\/p>\n<p>La Justicia estadounidense ha pedido la extradici\u00f3n de los detenidos por delitos de conspiraci\u00f3n para importar droga a su territorio, posesi\u00f3n de armas como ametralladoras y artefactos destructivos, y conspiraci\u00f3n para cometer lavado de dinero, seg\u00fan ha informado El Espectador.<\/p>\n<p>La organizaci\u00f3n criminal \u201cutilizaba aplicaciones digitales como el manejo de criptomonedas para el lavado de dinero, realizando transferencias a las billeteras electr\u00f3nicas y, posteriormente, retiraban el dinero en efectivo para continuar con la cadena de blanqueo de capitales\u201d.<\/p>\n<p>El Ministerio de Defensa del pa\u00eds latinoamericano ha calificado esta captura de \u201cduro golpe contra el narcotr\u00e1fico a nivel mundial\u201d, seg\u00fan han detallado en un comunicado a trav\u00e9s de sus redes sociales.<\/p>\n<p>El C\u00e1rtel de Sinaloa, anteriormente dirigido por Joaqu\u00edn \u201cEl Chapo\u201d Guzm\u00e1n, ha recibido varias tandas de sanciones por parte del Departamento del Tesoro estadounidense, la m\u00e1s reciente el pasado mes de febrero, despu\u00e9s de que el Presidente del pa\u00eds, Joe Biden, prometiera \u201cseveras sanciones para acabar con el tr\u00e1fico de fentanilo\u201d.<\/p>\n<p>FUENTE: EUROPA PRESS\/ SIN EMBARGO MX<\/p>\n","protected":false},"excerpt":{"rendered":"<p>Colombia.- Las autoridades colombianas han informado este mi\u00e9rcoles que han detenido a siete miembros del C\u00e1rtel de Sinaloa, acusados de producir y vender fentanilo, el opi\u00e1ceo que ha desatado una crisis de salud p\u00fablica en Estados Unidos. La Polic\u00eda Nacional de Colombia ha se\u00f1alado que la Direcci\u00f3n de Investigaci\u00f3n Criminal del cuerpo, junto a la [&hellip;]<\/p>\n","protected":false},"author":9,"featured_media":39104,"comment_status":"closed","ping_status":"closed","sticky":false,"template":"","format":"standard","meta":{"footnotes":""},"categories":[16],"tags":[5634,6639,6641,6640,6509,5859],"class_list":["post-39103","post","type-post","status-publish","format-standard","has-post-thumbnail","hentry","category-internacional","tag-colombia","tag-detenidos-estadosunidos","tag-detenidosmexicanos","tag-extradicion","tag-fentanilo","tag-ultimas-noticias"],"_links":{"self":[{"href":"https:\/\/laultimapalabra.com.mx\/portal\/wp-json\/wp\/v2\/posts\/39103","targetHints":{"allow":["GET"]}}],"collection":[{"href":"https:\/\/laultimapalabra.com.mx\/portal\/wp-json\/wp\/v2\/posts"}],"about":[{"href":"https:\/\/laultimapalabra.com.mx\/portal\/wp-json\/wp\/v2\/types\/post"}],"author":[{"embeddable":true,"href":"https:\/\/laultimapalabra.com.mx\/portal\/wp-json\/wp\/v2\/users\/9"}],"replies":[{"embeddable":true,"href":"https:\/\/laultimapalabra.com.mx\/portal\/wp-json\/wp\/v2\/comments?post=39103"}],"version-history":[{"count":2,"href":"https:\/\/laultimapalabra.com.mx\/portal\/wp-json\/wp\/v2\/posts\/39103\/revisions"}],"predecessor-version":[{"id":81578,"href":"https:\/\/laultimapalabra.com.mx\/portal\/wp-json\/wp\/v2\/posts\/39103\/revisions\/81578"}],"wp:featuredmedia":[{"embeddable":true,"href":"https:\/\/laultimapalabra.com.mx\/portal\/wp-json\/wp\/v2\/media\/39104"}],"wp:attachment":[{"href":"https:\/\/laultimapalabra.com.mx\/portal\/wp-json\/wp\/v2\/media?parent=39103"}],"wp:term":[{"taxonomy":"category","embeddable":true,"href":"https:\/\/laultimapalabra.com.mx\/portal\/wp-json\/wp\/v2\/categories?post=39103"},{"taxonomy":"post_tag","embeddable":true,"href":"https:\/\/laultimapalabra.com.mx\/portal\/wp-json\/wp\/v2\/tags?post=39103"}],"curies":[{"name":"wp","href":"https:\/\/api.w.org\/{rel}","templated":true}]}}