                       {"id":39106,"date":"2023-03-23T15:32:55","date_gmt":"2023-03-23T21:32:55","guid":{"rendered":"https:\/\/laultimapalabra.com.mx\/portal\/?p=39106"},"modified":"2024-12-11T10:41:43","modified_gmt":"2024-12-11T16:41:43","slug":"amplian-programa-para-regularizar-autos-de-procedencia-extranjera","status":"publish","type":"post","link":"https:\/\/laultimapalabra.com.mx\/portal\/amplian-programa-para-regularizar-autos-de-procedencia-extranjera\/","title":{"rendered":"Ampl\u00edan programa para regularizar autos de procedencia extranjera"},"content":{"rendered":"<p>CDMX.- El programa impulsado por el gobierno de M\u00e9xico para que los due\u00f1os de autos importados de forma ilegal regularicen los veh\u00edculos ser\u00e1 ampliado por tres meses, anunci\u00f3 el presidente Andr\u00e9s Manuel L\u00f3pez Obrador.<\/p>\n<p>En su rueda de prensa matutina, el titular del Ejecutivo coment\u00f3 que si bien inicialmente se ten\u00eda planteado concluir el programa este 31 de marzo, el plazo se ampliar\u00e1 hasta el \u00faltimo d\u00eda de junio.<\/p>\n<p>En firme, se ampl\u00eda tres meses la regularizaci\u00f3n de autos extranjeros, esto porque nos ayuda en el tema de la seguridad, el tener el registro.<\/p>\n<p>Hay delitos que se cometen en estos veh\u00edculos y no podemos identificar a sus aut\u00e9nticos due\u00f1os porque no est\u00e1n registrados.<\/p>\n<p>Los ingresaron, los vendieron, cambiaron de propiedad y luego se los roban y les dan un mejor uso, expuso L\u00f3pez Obrador.<\/p>\n<p>El programa es instrumentado por la Secretar\u00eda de Seguridad y Protecci\u00f3n Ciudadana, y de acuerdo con el corte presentado el mi\u00e9rcoles en la rueda de prensa matutina, se han regularizado un mill\u00f3n 319 mil 438 unidades.<\/p>\n<p>A la fecha se han recaudado 3 mil 298 millones 595 mil pesos que se entregan directamente a los ayuntamientos de los estados que participan en el programa para emplearlos en obras de bacheo.<\/p>\n<p>Los estados que participan en el programa de regularizaci\u00f3n son Baja California, Baja California Sur, Sonora, Chihuahua, Sinaloa, Coahuila, Durango, Nayarit, Nuevo Le\u00f3n, Durango, Jalisco, Michoac\u00e1n, Puebla, y Tamaulipas.<\/p>\n<p>&nbsp;<\/p>\n","protected":false},"excerpt":{"rendered":"<p>CDMX.- El programa impulsado por el gobierno de M\u00e9xico para que los due\u00f1os de autos importados de forma ilegal regularicen los veh\u00edculos ser\u00e1 ampliado por tres meses, anunci\u00f3 el presidente Andr\u00e9s Manuel L\u00f3pez Obrador. En su rueda de prensa matutina, el titular del Ejecutivo coment\u00f3 que si bien inicialmente se ten\u00eda planteado concluir el programa [&hellip;]<\/p>\n","protected":false},"author":9,"featured_media":39107,"comment_status":"closed","ping_status":"closed","sticky":false,"template":"","format":"standard","meta":{"footnotes":""},"categories":[19],"tags":[6642,6644,6643,4329,5859],"class_list":["post-39106","post","type-post","status-publish","format-standard","has-post-thumbnail","hentry","category-nacional","tag-autoschocolate","tag-junio2023","tag-prorroga","tag-regularizacion","tag-ultimas-noticias"],"_links":{"self":[{"href":"https:\/\/laultimapalabra.com.mx\/portal\/wp-json\/wp\/v2\/posts\/39106","targetHints":{"allow":["GET"]}}],"collection":[{"href":"https:\/\/laultimapalabra.com.mx\/portal\/wp-json\/wp\/v2\/posts"}],"about":[{"href":"https:\/\/laultimapalabra.com.mx\/portal\/wp-json\/wp\/v2\/types\/post"}],"author":[{"embeddable":true,"href":"https:\/\/laultimapalabra.com.mx\/portal\/wp-json\/wp\/v2\/users\/9"}],"replies":[{"embeddable":true,"href":"https:\/\/laultimapalabra.com.mx\/portal\/wp-json\/wp\/v2\/comments?post=39106"}],"version-history":[{"count":2,"href":"https:\/\/laultimapalabra.com.mx\/portal\/wp-json\/wp\/v2\/posts\/39106\/revisions"}],"predecessor-version":[{"id":81580,"href":"https:\/\/laultimapalabra.com.mx\/portal\/wp-json\/wp\/v2\/posts\/39106\/revisions\/81580"}],"wp:featuredmedia":[{"embeddable":true,"href":"https:\/\/laultimapalabra.com.mx\/portal\/wp-json\/wp\/v2\/media\/39107"}],"wp:attachment":[{"href":"https:\/\/laultimapalabra.com.mx\/portal\/wp-json\/wp\/v2\/media?parent=39106"}],"wp:term":[{"taxonomy":"category","embeddable":true,"href":"https:\/\/laultimapalabra.com.mx\/portal\/wp-json\/wp\/v2\/categories?post=39106"},{"taxonomy":"post_tag","embeddable":true,"href":"https:\/\/laultimapalabra.com.mx\/portal\/wp-json\/wp\/v2\/tags?post=39106"}],"curies":[{"name":"wp","href":"https:\/\/api.w.org\/{rel}","templated":true}]}}