                       {"id":39150,"date":"2023-03-24T13:56:39","date_gmt":"2023-03-24T19:56:39","guid":{"rendered":"https:\/\/laultimapalabra.com.mx\/portal\/?p=39150"},"modified":"2024-12-11T10:41:43","modified_gmt":"2024-12-11T16:41:43","slug":"no-es-cierto-amlo-sobre-carteles-controlando-estados-de-mexico","status":"publish","type":"post","link":"https:\/\/laultimapalabra.com.mx\/portal\/no-es-cierto-amlo-sobre-carteles-controlando-estados-de-mexico\/","title":{"rendered":"No es cierto: AMLO sobre c\u00e1rteles controlando estados de M\u00e9xico"},"content":{"rendered":"<p>Ciudad de M\u00e9xico.- El presidente de M\u00e9xico, Andr\u00e9s Manuel L\u00f3pez Obrador, tach\u00f3 este viernes de &#8220;falsos&#8221; los dichos del Secretario de Estado de Estados Unidos, Antony Blinken, quien afirm\u00f3 que los c\u00e1rteles del narcotr\u00e1fico controlan ciertos territorios de M\u00e9xico por encima del Gobierno.<br \/>\n&#8220;Eso es falso, no es cierto, hace como un a\u00f1o declar\u00f3 lo mismo un comandante de las Fuerzas Armadas de Estados Unidos, y se le inform\u00f3 que no era cierto&#8221;, declar\u00f3 el mandatario en su rueda de prensa diaria.<br \/>\nL\u00f3pez Obrador hizo estas declaraciones cuestionado por la comparecencia de Blinken en el Senado estadounidense, donde este mi\u00e9rcoles dijo que &#8220;es justo decir que s\u00ed&#8221; hay partes de M\u00e9xico que controla el crimen organizado y no el Gobierno.<br \/>\nAun as\u00ed, el gobernante mexicano justific\u00f3 los se\u00f1alamientos del Secretario de Estado al argumentar que \u00e9l respondi\u00f3 a un cuestionamiento del senador republicano Lindsey Graham, promotor de la pol\u00e9mica propuesta para declarar la guerra a los carteles mexicanos y considerarlos como terroristas.<\/p>\n<p>FUENTE: ABC NOTICIAS<\/p>\n","protected":false},"excerpt":{"rendered":"<p>Ciudad de M\u00e9xico.- El presidente de M\u00e9xico, Andr\u00e9s Manuel L\u00f3pez Obrador, tach\u00f3 este viernes de &#8220;falsos&#8221; los dichos del Secretario de Estado de Estados Unidos, Antony Blinken, quien afirm\u00f3 que los c\u00e1rteles del narcotr\u00e1fico controlan ciertos territorios de M\u00e9xico por encima del Gobierno. &#8220;Eso es falso, no es cierto, hace como un a\u00f1o declar\u00f3 lo [&hellip;]<\/p>\n","protected":false},"author":9,"featured_media":39152,"comment_status":"closed","ping_status":"closed","sticky":false,"template":"","format":"standard","meta":{"footnotes":""},"categories":[19],"tags":[124,6647,5859],"class_list":["post-39150","post","type-post","status-publish","format-standard","has-post-thumbnail","hentry","category-nacional","tag-amlo","tag-amlo-sobre-carteles-controlando-estados-de-mexico","tag-ultimas-noticias"],"_links":{"self":[{"href":"https:\/\/laultimapalabra.com.mx\/portal\/wp-json\/wp\/v2\/posts\/39150","targetHints":{"allow":["GET"]}}],"collection":[{"href":"https:\/\/laultimapalabra.com.mx\/portal\/wp-json\/wp\/v2\/posts"}],"about":[{"href":"https:\/\/laultimapalabra.com.mx\/portal\/wp-json\/wp\/v2\/types\/post"}],"author":[{"embeddable":true,"href":"https:\/\/laultimapalabra.com.mx\/portal\/wp-json\/wp\/v2\/users\/9"}],"replies":[{"embeddable":true,"href":"https:\/\/laultimapalabra.com.mx\/portal\/wp-json\/wp\/v2\/comments?post=39150"}],"version-history":[{"count":2,"href":"https:\/\/laultimapalabra.com.mx\/portal\/wp-json\/wp\/v2\/posts\/39150\/revisions"}],"predecessor-version":[{"id":81598,"href":"https:\/\/laultimapalabra.com.mx\/portal\/wp-json\/wp\/v2\/posts\/39150\/revisions\/81598"}],"wp:featuredmedia":[{"embeddable":true,"href":"https:\/\/laultimapalabra.com.mx\/portal\/wp-json\/wp\/v2\/media\/39152"}],"wp:attachment":[{"href":"https:\/\/laultimapalabra.com.mx\/portal\/wp-json\/wp\/v2\/media?parent=39150"}],"wp:term":[{"taxonomy":"category","embeddable":true,"href":"https:\/\/laultimapalabra.com.mx\/portal\/wp-json\/wp\/v2\/categories?post=39150"},{"taxonomy":"post_tag","embeddable":true,"href":"https:\/\/laultimapalabra.com.mx\/portal\/wp-json\/wp\/v2\/tags?post=39150"}],"curies":[{"name":"wp","href":"https:\/\/api.w.org\/{rel}","templated":true}]}}