                       {"id":39188,"date":"2023-03-25T21:28:45","date_gmt":"2023-03-26T03:28:45","guid":{"rendered":"https:\/\/laultimapalabra.com.mx\/portal\/?p=39188"},"modified":"2024-12-11T10:41:44","modified_gmt":"2024-12-11T16:41:44","slug":"se-incendia-deposito-de-manteca","status":"publish","type":"post","link":"https:\/\/laultimapalabra.com.mx\/portal\/se-incendia-deposito-de-manteca\/","title":{"rendered":"Se incendia dep\u00f3sito de manteca"},"content":{"rendered":"<p>Ju\u00e1rez, N.L.- El incendio de un local alarm\u00f3 a los vecinos de la colonia Real de San Roque en el municipio de Ju\u00e1rez, ya que grandes humaredas se elevaban, as\u00ed como las llamas que amenazaban con propagarse a hogares vecinos.<br \/>\nEl sitio, que se encuentra bardeado, conten\u00eda en su interior decenas de tanques de 200 litros, llenos de manteca de puerco, que fueron pasto de las llamas.<br \/>\nLa oportuna intervenci\u00f3n de Protecci\u00f3n Civil, abati\u00f3 las llamas y acab\u00f3 con la amenaza de la propagaci\u00f3n del incendio.<\/p>\n<p><img loading=\"lazy\" decoding=\"async\" src=\"https:\/\/laultimapalabra.com.mx\/portal\/wp-content\/uploads\/2023\/03\/img-20230325-wa00675691282277787937498.jpg\" class=\"wp-image-39191 alignnone size-full\" width=\"1599\" height=\"899\" srcset=\"https:\/\/laultimapalabra.com.mx\/portal\/wp-content\/uploads\/2023\/03\/img-20230325-wa00675691282277787937498.jpg 1599w, https:\/\/laultimapalabra.com.mx\/portal\/wp-content\/uploads\/2023\/03\/img-20230325-wa00675691282277787937498-300x169.jpg 300w, https:\/\/laultimapalabra.com.mx\/portal\/wp-content\/uploads\/2023\/03\/img-20230325-wa00675691282277787937498-1024x576.jpg 1024w, https:\/\/laultimapalabra.com.mx\/portal\/wp-content\/uploads\/2023\/03\/img-20230325-wa00675691282277787937498-768x432.jpg 768w, https:\/\/laultimapalabra.com.mx\/portal\/wp-content\/uploads\/2023\/03\/img-20230325-wa00675691282277787937498-1536x864.jpg 1536w\" sizes=\"auto, (max-width: 1599px) 100vw, 1599px\" \/><\/p>\n","protected":false},"excerpt":{"rendered":"<p>Ju\u00e1rez, N.L.- El incendio de un local alarm\u00f3 a los vecinos de la colonia Real de San Roque en el municipio de Ju\u00e1rez, ya que grandes humaredas se elevaban, as\u00ed como las llamas que amenazaban con propagarse a hogares vecinos. El sitio, que se encuentra bardeado, conten\u00eda en su interior decenas de tanques de 200 [&hellip;]<\/p>\n","protected":false},"author":9,"featured_media":39190,"comment_status":"closed","ping_status":"closed","sticky":false,"template":"","format":"standard","meta":{"footnotes":""},"categories":[18,1],"tags":[3671,1254,1875],"class_list":["post-39188","post","type-post","status-publish","format-standard","has-post-thumbnail","hentry","category-locales-juarez","category-noticias","tag-bomberos","tag-incendio","tag-proteccion-civil"],"_links":{"self":[{"href":"https:\/\/laultimapalabra.com.mx\/portal\/wp-json\/wp\/v2\/posts\/39188","targetHints":{"allow":["GET"]}}],"collection":[{"href":"https:\/\/laultimapalabra.com.mx\/portal\/wp-json\/wp\/v2\/posts"}],"about":[{"href":"https:\/\/laultimapalabra.com.mx\/portal\/wp-json\/wp\/v2\/types\/post"}],"author":[{"embeddable":true,"href":"https:\/\/laultimapalabra.com.mx\/portal\/wp-json\/wp\/v2\/users\/9"}],"replies":[{"embeddable":true,"href":"https:\/\/laultimapalabra.com.mx\/portal\/wp-json\/wp\/v2\/comments?post=39188"}],"version-history":[{"count":3,"href":"https:\/\/laultimapalabra.com.mx\/portal\/wp-json\/wp\/v2\/posts\/39188\/revisions"}],"predecessor-version":[{"id":81618,"href":"https:\/\/laultimapalabra.com.mx\/portal\/wp-json\/wp\/v2\/posts\/39188\/revisions\/81618"}],"wp:featuredmedia":[{"embeddable":true,"href":"https:\/\/laultimapalabra.com.mx\/portal\/wp-json\/wp\/v2\/media\/39190"}],"wp:attachment":[{"href":"https:\/\/laultimapalabra.com.mx\/portal\/wp-json\/wp\/v2\/media?parent=39188"}],"wp:term":[{"taxonomy":"category","embeddable":true,"href":"https:\/\/laultimapalabra.com.mx\/portal\/wp-json\/wp\/v2\/categories?post=39188"},{"taxonomy":"post_tag","embeddable":true,"href":"https:\/\/laultimapalabra.com.mx\/portal\/wp-json\/wp\/v2\/tags?post=39188"}],"curies":[{"name":"wp","href":"https:\/\/api.w.org\/{rel}","templated":true}]}}